{"id":2703,"date":"2024-10-21T12:42:48","date_gmt":"2024-10-21T12:42:48","guid":{"rendered":"https:\/\/www.northatlantic-islands.com\/?p=2703"},"modified":"2024-10-28T10:58:02","modified_gmt":"2024-10-28T10:58:02","slug":"bevilliget-stoette-efteraar-2024","status":"publish","type":"post","link":"https:\/\/www.northatlantic-islands.com\/da\/bevilliget-stoette-efteraar-2024\/","title":{"rendered":"Bevilliget st\u00f8tte &#8211; efter\u00e5r 2024"},"content":{"rendered":"\n<p>De f\u00f8lgende ans\u00f8gninger fik tilsagn om bevilling fra NATA ved seneste ans\u00f8gningsrunde<\/p>\n\n\n\n<p class=\"has-small-font-size\">Foto ovenfor: National Folk Costume Society of Iceland som fik rejsest\u00f8tte i for\u00e5ret 2024<\/p>\n\n\n\n<figure class=\"wp-block-table\"><table class=\"has-fixed-layout\"><tbody><tr><td><strong>Turismeudvikling og markedsf\u00f8ring<\/strong><\/td><td><strong>DKK<\/strong><\/td><td><\/td><\/tr><tr><td><strong>Projektnavn og ans\u00f8gerland<\/strong><\/td><td><strong>Bevilling<\/strong><\/td><td><strong>Deltagerlande<\/strong><\/td><\/tr><tr><td>Integrating Nordic welfare into regenerative Wellness Tourism, Island<\/td><td>33.600<\/td><td>IS-GL<\/td><\/tr><tr><td>Empowering Greenlandic Youth: Cross-border Training in Sustainable Tourism and Leadership, Gr\u00f8nland<\/td><td>50.600<\/td><td>GL-IS<\/td><\/tr><\/tbody><\/table><figcaption class=\"wp-element-caption\">Turismeudvikling og markedsf\u00f8ring<\/figcaption><\/figure>\n\n\n\n<figure class=\"wp-block-table\"><table class=\"has-fixed-layout\"><tbody><tr><td><strong>Rejsest\u00f8tte<\/strong><\/td><td><strong>DKK<\/strong><\/td><td><\/td><\/tr><tr><td><strong>Projektnavn og ans\u00f8gerland<\/strong><\/td><td><strong>Bevilling<\/strong><\/td><td><strong>Deltagerlande<\/strong><\/td><\/tr><tr><td>D\u00f8ves Nordiske Ungdomsr\u00e5d, Island<\/td><td>15.000<\/td><td>IS-GL-FO<\/td><\/tr><tr><td>The Witch who tried to steal the Faroe Islands will soon be gone, Iceland<\/td><td>1.000<\/td><td>IS-FO<\/td><\/tr><tr><td>MSc course: Air-Sea Exchange of greenhouse gases, Iceland<\/td><td>28.000<\/td><td>IS-GL<\/td><\/tr><tr><td>Recorder students collaboration<\/td><td>26.000<\/td><td>IS-FO<\/td><\/tr><tr><td>Network meeting in Reykjav\u00edk &#8211; North Atlantic Islands Dance Network<\/td><td>1.000<\/td><td>FO-IS<\/td><\/tr><tr><td>Agroturisme p\u00e5 F\u00e6r\u00f8erne, F\u00e6r\u00f8erne<\/td><td>15.000<\/td><td>FO-IS<\/td><\/tr><\/tbody><\/table><figcaption class=\"wp-element-caption\">Rejsest\u00f8tte<\/figcaption><\/figure>\n\n\n\n<p><\/p>\n","protected":false},"excerpt":{"rendered":"<p>De f\u00f8lgende ans\u00f8gninger fik tilsagn om bevilling fra NATA ved seneste ans\u00f8gningsrunde Foto ovenfor: National Folk Costume Society of Iceland som fik rejsest\u00f8tte i for\u00e5ret 2024 Turismeudvikling og markedsf\u00f8ring DKK Projektnavn og ans\u00f8gerland Bevilling Deltagerlande Integrating Nordic welfare into regenerative Wellness Tourism, Island 33.600 IS-GL Empowering Greenlandic Youth: Cross-border Training in Sustainable Tourism and Leadership, [&hellip;]<\/p>\n","protected":false},"author":2,"featured_media":2706,"comment_status":"closed","ping_status":"closed","sticky":false,"template":"","format":"standard","meta":{"_acf_changed":false,"footnotes":""},"categories":[25,23],"tags":[],"class_list":["post-2703","post","type-post","status-publish","format-standard","has-post-thumbnail","hentry","category-bevillinger","category-nyheder"],"acf":[],"yoast_head":"<!-- This site is optimized with the Yoast SEO plugin v27.5 - https:\/\/yoast.com\/product\/yoast-seo-wordpress\/ -->\n<title>Bevilliget st\u00f8tte - efter\u00e5r 2024 - NATA<\/title>\n<meta name=\"robots\" content=\"index, follow, max-snippet:-1, max-image-preview:large, max-video-preview:-1\" \/>\n<link rel=\"canonical\" href=\"https:\/\/www.northatlantic-islands.com\/da\/bevilliget-stoette-efteraar-2024\/\" \/>\n<meta property=\"og:locale\" content=\"da_DK\" \/>\n<meta property=\"og:type\" content=\"article\" \/>\n<meta property=\"og:title\" content=\"Bevilliget st\u00f8tte - efter\u00e5r 2024 - NATA\" \/>\n<meta property=\"og:description\" content=\"De f\u00f8lgende ans\u00f8gninger fik tilsagn om bevilling fra NATA ved seneste ans\u00f8gningsrunde Foto ovenfor: National Folk Costume Society of Iceland som fik rejsest\u00f8tte i for\u00e5ret 2024 Turismeudvikling og markedsf\u00f8ring DKK Projektnavn og ans\u00f8gerland Bevilling Deltagerlande Integrating Nordic welfare into regenerative Wellness Tourism, Island 33.600 IS-GL Empowering Greenlandic Youth: Cross-border Training in Sustainable Tourism and Leadership, [&hellip;]\" \/>\n<meta property=\"og:url\" content=\"https:\/\/www.northatlantic-islands.com\/da\/bevilliget-stoette-efteraar-2024\/\" \/>\n<meta property=\"og:site_name\" content=\"NATA\" \/>\n<meta property=\"article:published_time\" content=\"2024-10-21T12:42:48+00:00\" \/>\n<meta property=\"article:modified_time\" content=\"2024-10-28T10:58:02+00:00\" \/>\n<meta property=\"og:image\" content=\"https:\/\/www.northatlantic-islands.com\/wp-content\/uploads\/2024\/10\/National-Folk-Costume-Society-of-Iceland_1-Faereyjar-IMG_9973-scaled.jpg\" \/>\n\t<meta property=\"og:image:width\" content=\"2560\" \/>\n\t<meta property=\"og:image:height\" content=\"1447\" \/>\n\t<meta property=\"og:image:type\" content=\"image\/jpeg\" \/>\n<meta name=\"author\" content=\"Erla Weihe Johannesen\" \/>\n<meta name=\"twitter:card\" content=\"summary_large_image\" \/>\n<meta name=\"twitter:label1\" content=\"Skrevet af\" \/>\n\t<meta name=\"twitter:data1\" content=\"Erla Weihe Johannesen\" \/>\n\t<meta name=\"twitter:label2\" content=\"Estimeret l\u00e6setid\" \/>\n\t<meta name=\"twitter:data2\" content=\"1 minut\" \/>\n<script type=\"application\/ld+json\" class=\"yoast-schema-graph\">{\"@context\":\"https:\\\/\\\/schema.org\",\"@graph\":[{\"@type\":\"Article\",\"@id\":\"https:\\\/\\\/www.northatlantic-islands.com\\\/da\\\/bevilliget-stoette-efteraar-2024\\\/#article\",\"isPartOf\":{\"@id\":\"https:\\\/\\\/www.northatlantic-islands.com\\\/da\\\/bevilliget-stoette-efteraar-2024\\\/\"},\"author\":{\"name\":\"Erla Weihe Johannesen\",\"@id\":\"https:\\\/\\\/www.northatlantic-islands.com\\\/da\\\/#\\\/schema\\\/person\\\/0c76dbe8957466637b7bf3e8b95cd8ab\"},\"headline\":\"Bevilliget st\u00f8tte &#8211; efter\u00e5r 2024\",\"datePublished\":\"2024-10-21T12:42:48+00:00\",\"dateModified\":\"2024-10-28T10:58:02+00:00\",\"mainEntityOfPage\":{\"@id\":\"https:\\\/\\\/www.northatlantic-islands.com\\\/da\\\/bevilliget-stoette-efteraar-2024\\\/\"},\"wordCount\":140,\"image\":{\"@id\":\"https:\\\/\\\/www.northatlantic-islands.com\\\/da\\\/bevilliget-stoette-efteraar-2024\\\/#primaryimage\"},\"thumbnailUrl\":\"https:\\\/\\\/www.northatlantic-islands.com\\\/wp-content\\\/uploads\\\/2024\\\/10\\\/National-Folk-Costume-Society-of-Iceland_1-Faereyjar-IMG_9973-scaled.jpg\",\"articleSection\":[\"Bevillinger\",\"Nyheder\"],\"inLanguage\":\"da-DK\"},{\"@type\":\"WebPage\",\"@id\":\"https:\\\/\\\/www.northatlantic-islands.com\\\/da\\\/bevilliget-stoette-efteraar-2024\\\/\",\"url\":\"https:\\\/\\\/www.northatlantic-islands.com\\\/da\\\/bevilliget-stoette-efteraar-2024\\\/\",\"name\":\"Bevilliget st\u00f8tte - efter\u00e5r 2024 - NATA\",\"isPartOf\":{\"@id\":\"https:\\\/\\\/www.northatlantic-islands.com\\\/da\\\/#website\"},\"primaryImageOfPage\":{\"@id\":\"https:\\\/\\\/www.northatlantic-islands.com\\\/da\\\/bevilliget-stoette-efteraar-2024\\\/#primaryimage\"},\"image\":{\"@id\":\"https:\\\/\\\/www.northatlantic-islands.com\\\/da\\\/bevilliget-stoette-efteraar-2024\\\/#primaryimage\"},\"thumbnailUrl\":\"https:\\\/\\\/www.northatlantic-islands.com\\\/wp-content\\\/uploads\\\/2024\\\/10\\\/National-Folk-Costume-Society-of-Iceland_1-Faereyjar-IMG_9973-scaled.jpg\",\"datePublished\":\"2024-10-21T12:42:48+00:00\",\"dateModified\":\"2024-10-28T10:58:02+00:00\",\"author\":{\"@id\":\"https:\\\/\\\/www.northatlantic-islands.com\\\/da\\\/#\\\/schema\\\/person\\\/0c76dbe8957466637b7bf3e8b95cd8ab\"},\"breadcrumb\":{\"@id\":\"https:\\\/\\\/www.northatlantic-islands.com\\\/da\\\/bevilliget-stoette-efteraar-2024\\\/#breadcrumb\"},\"inLanguage\":\"da-DK\",\"potentialAction\":[{\"@type\":\"ReadAction\",\"target\":[\"https:\\\/\\\/www.northatlantic-islands.com\\\/da\\\/bevilliget-stoette-efteraar-2024\\\/\"]}]},{\"@type\":\"ImageObject\",\"inLanguage\":\"da-DK\",\"@id\":\"https:\\\/\\\/www.northatlantic-islands.com\\\/da\\\/bevilliget-stoette-efteraar-2024\\\/#primaryimage\",\"url\":\"https:\\\/\\\/www.northatlantic-islands.com\\\/wp-content\\\/uploads\\\/2024\\\/10\\\/National-Folk-Costume-Society-of-Iceland_1-Faereyjar-IMG_9973-scaled.jpg\",\"contentUrl\":\"https:\\\/\\\/www.northatlantic-islands.com\\\/wp-content\\\/uploads\\\/2024\\\/10\\\/National-Folk-Costume-Society-of-Iceland_1-Faereyjar-IMG_9973-scaled.jpg\",\"width\":2560,\"height\":1447,\"caption\":\"Photo: National Folk Costume Society of Iceland\"},{\"@type\":\"BreadcrumbList\",\"@id\":\"https:\\\/\\\/www.northatlantic-islands.com\\\/da\\\/bevilliget-stoette-efteraar-2024\\\/#breadcrumb\",\"itemListElement\":[{\"@type\":\"ListItem\",\"position\":1,\"name\":\"Home\",\"item\":\"https:\\\/\\\/www.northatlantic-islands.com\\\/da\\\/\"},{\"@type\":\"ListItem\",\"position\":2,\"name\":\"Bevilliget st\u00f8tte &#8211; efter\u00e5r 2024\"}]},{\"@type\":\"WebSite\",\"@id\":\"https:\\\/\\\/www.northatlantic-islands.com\\\/da\\\/#website\",\"url\":\"https:\\\/\\\/www.northatlantic-islands.com\\\/da\\\/\",\"name\":\"NATA\",\"description\":\"North Atlantic Tourism Association\",\"potentialAction\":[{\"@type\":\"SearchAction\",\"target\":{\"@type\":\"EntryPoint\",\"urlTemplate\":\"https:\\\/\\\/www.northatlantic-islands.com\\\/da\\\/?s={search_term_string}\"},\"query-input\":{\"@type\":\"PropertyValueSpecification\",\"valueRequired\":true,\"valueName\":\"search_term_string\"}}],\"inLanguage\":\"da-DK\"},{\"@type\":\"Person\",\"@id\":\"https:\\\/\\\/www.northatlantic-islands.com\\\/da\\\/#\\\/schema\\\/person\\\/0c76dbe8957466637b7bf3e8b95cd8ab\",\"name\":\"Erla Weihe Johannesen\",\"url\":\"https:\\\/\\\/www.northatlantic-islands.com\\\/da\\\/author\\\/ewjvinnuframi-fo\\\/\"}]}<\/script>\n<!-- \/ Yoast SEO plugin. -->","yoast_head_json":{"title":"Bevilliget st\u00f8tte - efter\u00e5r 2024 - NATA","robots":{"index":"index","follow":"follow","max-snippet":"max-snippet:-1","max-image-preview":"max-image-preview:large","max-video-preview":"max-video-preview:-1"},"canonical":"https:\/\/www.northatlantic-islands.com\/da\/bevilliget-stoette-efteraar-2024\/","og_locale":"da_DK","og_type":"article","og_title":"Bevilliget st\u00f8tte - efter\u00e5r 2024 - NATA","og_description":"De f\u00f8lgende ans\u00f8gninger fik tilsagn om bevilling fra NATA ved seneste ans\u00f8gningsrunde Foto ovenfor: National Folk Costume Society of Iceland som fik rejsest\u00f8tte i for\u00e5ret 2024 Turismeudvikling og markedsf\u00f8ring DKK Projektnavn og ans\u00f8gerland Bevilling Deltagerlande Integrating Nordic welfare into regenerative Wellness Tourism, Island 33.600 IS-GL Empowering Greenlandic Youth: Cross-border Training in Sustainable Tourism and Leadership, [&hellip;]","og_url":"https:\/\/www.northatlantic-islands.com\/da\/bevilliget-stoette-efteraar-2024\/","og_site_name":"NATA","article_published_time":"2024-10-21T12:42:48+00:00","article_modified_time":"2024-10-28T10:58:02+00:00","og_image":[{"width":2560,"height":1447,"url":"https:\/\/www.northatlantic-islands.com\/wp-content\/uploads\/2024\/10\/National-Folk-Costume-Society-of-Iceland_1-Faereyjar-IMG_9973-scaled.jpg","type":"image\/jpeg"}],"author":"Erla Weihe Johannesen","twitter_card":"summary_large_image","twitter_misc":{"Skrevet af":"Erla Weihe Johannesen","Estimeret l\u00e6setid":"1 minut"},"schema":{"@context":"https:\/\/schema.org","@graph":[{"@type":"Article","@id":"https:\/\/www.northatlantic-islands.com\/da\/bevilliget-stoette-efteraar-2024\/#article","isPartOf":{"@id":"https:\/\/www.northatlantic-islands.com\/da\/bevilliget-stoette-efteraar-2024\/"},"author":{"name":"Erla Weihe Johannesen","@id":"https:\/\/www.northatlantic-islands.com\/da\/#\/schema\/person\/0c76dbe8957466637b7bf3e8b95cd8ab"},"headline":"Bevilliget st\u00f8tte &#8211; efter\u00e5r 2024","datePublished":"2024-10-21T12:42:48+00:00","dateModified":"2024-10-28T10:58:02+00:00","mainEntityOfPage":{"@id":"https:\/\/www.northatlantic-islands.com\/da\/bevilliget-stoette-efteraar-2024\/"},"wordCount":140,"image":{"@id":"https:\/\/www.northatlantic-islands.com\/da\/bevilliget-stoette-efteraar-2024\/#primaryimage"},"thumbnailUrl":"https:\/\/www.northatlantic-islands.com\/wp-content\/uploads\/2024\/10\/National-Folk-Costume-Society-of-Iceland_1-Faereyjar-IMG_9973-scaled.jpg","articleSection":["Bevillinger","Nyheder"],"inLanguage":"da-DK"},{"@type":"WebPage","@id":"https:\/\/www.northatlantic-islands.com\/da\/bevilliget-stoette-efteraar-2024\/","url":"https:\/\/www.northatlantic-islands.com\/da\/bevilliget-stoette-efteraar-2024\/","name":"Bevilliget st\u00f8tte - efter\u00e5r 2024 - NATA","isPartOf":{"@id":"https:\/\/www.northatlantic-islands.com\/da\/#website"},"primaryImageOfPage":{"@id":"https:\/\/www.northatlantic-islands.com\/da\/bevilliget-stoette-efteraar-2024\/#primaryimage"},"image":{"@id":"https:\/\/www.northatlantic-islands.com\/da\/bevilliget-stoette-efteraar-2024\/#primaryimage"},"thumbnailUrl":"https:\/\/www.northatlantic-islands.com\/wp-content\/uploads\/2024\/10\/National-Folk-Costume-Society-of-Iceland_1-Faereyjar-IMG_9973-scaled.jpg","datePublished":"2024-10-21T12:42:48+00:00","dateModified":"2024-10-28T10:58:02+00:00","author":{"@id":"https:\/\/www.northatlantic-islands.com\/da\/#\/schema\/person\/0c76dbe8957466637b7bf3e8b95cd8ab"},"breadcrumb":{"@id":"https:\/\/www.northatlantic-islands.com\/da\/bevilliget-stoette-efteraar-2024\/#breadcrumb"},"inLanguage":"da-DK","potentialAction":[{"@type":"ReadAction","target":["https:\/\/www.northatlantic-islands.com\/da\/bevilliget-stoette-efteraar-2024\/"]}]},{"@type":"ImageObject","inLanguage":"da-DK","@id":"https:\/\/www.northatlantic-islands.com\/da\/bevilliget-stoette-efteraar-2024\/#primaryimage","url":"https:\/\/www.northatlantic-islands.com\/wp-content\/uploads\/2024\/10\/National-Folk-Costume-Society-of-Iceland_1-Faereyjar-IMG_9973-scaled.jpg","contentUrl":"https:\/\/www.northatlantic-islands.com\/wp-content\/uploads\/2024\/10\/National-Folk-Costume-Society-of-Iceland_1-Faereyjar-IMG_9973-scaled.jpg","width":2560,"height":1447,"caption":"Photo: National Folk Costume Society of Iceland"},{"@type":"BreadcrumbList","@id":"https:\/\/www.northatlantic-islands.com\/da\/bevilliget-stoette-efteraar-2024\/#breadcrumb","itemListElement":[{"@type":"ListItem","position":1,"name":"Home","item":"https:\/\/www.northatlantic-islands.com\/da\/"},{"@type":"ListItem","position":2,"name":"Bevilliget st\u00f8tte &#8211; efter\u00e5r 2024"}]},{"@type":"WebSite","@id":"https:\/\/www.northatlantic-islands.com\/da\/#website","url":"https:\/\/www.northatlantic-islands.com\/da\/","name":"NATA","description":"North Atlantic Tourism Association","potentialAction":[{"@type":"SearchAction","target":{"@type":"EntryPoint","urlTemplate":"https:\/\/www.northatlantic-islands.com\/da\/?s={search_term_string}"},"query-input":{"@type":"PropertyValueSpecification","valueRequired":true,"valueName":"search_term_string"}}],"inLanguage":"da-DK"},{"@type":"Person","@id":"https:\/\/www.northatlantic-islands.com\/da\/#\/schema\/person\/0c76dbe8957466637b7bf3e8b95cd8ab","name":"Erla Weihe Johannesen","url":"https:\/\/www.northatlantic-islands.com\/da\/author\/ewjvinnuframi-fo\/"}]}},"_links":{"self":[{"href":"https:\/\/www.northatlantic-islands.com\/da\/wp-json\/wp\/v2\/posts\/2703","targetHints":{"allow":["GET"]}}],"collection":[{"href":"https:\/\/www.northatlantic-islands.com\/da\/wp-json\/wp\/v2\/posts"}],"about":[{"href":"https:\/\/www.northatlantic-islands.com\/da\/wp-json\/wp\/v2\/types\/post"}],"author":[{"embeddable":true,"href":"https:\/\/www.northatlantic-islands.com\/da\/wp-json\/wp\/v2\/users\/2"}],"replies":[{"embeddable":true,"href":"https:\/\/www.northatlantic-islands.com\/da\/wp-json\/wp\/v2\/comments?post=2703"}],"version-history":[{"count":3,"href":"https:\/\/www.northatlantic-islands.com\/da\/wp-json\/wp\/v2\/posts\/2703\/revisions"}],"predecessor-version":[{"id":2716,"href":"https:\/\/www.northatlantic-islands.com\/da\/wp-json\/wp\/v2\/posts\/2703\/revisions\/2716"}],"wp:featuredmedia":[{"embeddable":true,"href":"https:\/\/www.northatlantic-islands.com\/da\/wp-json\/wp\/v2\/media\/2706"}],"wp:attachment":[{"href":"https:\/\/www.northatlantic-islands.com\/da\/wp-json\/wp\/v2\/media?parent=2703"}],"wp:term":[{"taxonomy":"category","embeddable":true,"href":"https:\/\/www.northatlantic-islands.com\/da\/wp-json\/wp\/v2\/categories?post=2703"},{"taxonomy":"post_tag","embeddable":true,"href":"https:\/\/www.northatlantic-islands.com\/da\/wp-json\/wp\/v2\/tags?post=2703"}],"curies":[{"name":"wp","href":"https:\/\/api.w.org\/{rel}","templated":true}]}}