{"id":1771,"date":"2022-02-15T09:50:03","date_gmt":"2022-02-15T09:50:03","guid":{"rendered":"https:\/\/www.northatlantic-islands.com\/?p=1771"},"modified":"2022-02-15T13:16:03","modified_gmt":"2022-02-15T13:16:03","slug":"judo-faeroerne-pa-traeningslejr-pa-island","status":"publish","type":"post","link":"https:\/\/www.northatlantic-islands.com\/da\/judo-faeroerne-pa-traeningslejr-pa-island\/","title":{"rendered":"F\u00e6r\u00f8sk og islandsk judo tr\u00e6ner sammen"},"content":{"rendered":"\n<p>Judo F\u00e6r\u00f8erne fik bevilliget st\u00f8tte fra NATA i for\u00e5ret 2021 og tog p\u00e5 tr\u00e6ningslejr p\u00e5 Island i efter\u00e5rsferien samme \u00e5r.<\/p>\n\n\n\n<p>Gruppen rejste fra F\u00e6r\u00f8erne til Reykjav\u00edk fredag den 8. oktober og hjem igen om mandagen den 11. oktober.<\/p>\n\n\n\n<p>Med p\u00e5 rejsen var 17 unge mennesker, 6 piger og 11 drenge, i alderen 11-17 \u00e5r. To rejseledere fra Judo F\u00e6r\u00f8erne var ogs\u00e5 med og nogle for\u00e6ldre som selv betalte for deres rejse.<\/p>\n\n\n\n<p>Gruppen logerede hos Reykjav\u00edks judoforening, i deres tr\u00e6ningslokaler, hvor tr\u00e6ningen ogs\u00e5 foregik.<\/p>\n\n\n\n<p>Det var tr\u00e6nere fra Judofelag Reykjav\u00edkar der ledede tr\u00e6ningen og mange af deres ud\u00f8vere var ogs\u00e5 med til tr\u00e6ningen.<\/p>\n\n\n\n<figure class=\"wp-block-image size-full\"><img loading=\"lazy\" decoding=\"async\" width=\"1421\" height=\"1077\" src=\"https:\/\/www.northatlantic-islands.com\/wp-content\/uploads\/2022\/02\/Island-2_upphiting_ymisk-ovilsir-og-spol-verda-gjord-1.jpg\" alt=\"\" class=\"wp-image-1777\" srcset=\"https:\/\/www.northatlantic-islands.com\/wp-content\/uploads\/2022\/02\/Island-2_upphiting_ymisk-ovilsir-og-spol-verda-gjord-1.jpg 1421w, https:\/\/www.northatlantic-islands.com\/wp-content\/uploads\/2022\/02\/Island-2_upphiting_ymisk-ovilsir-og-spol-verda-gjord-1-800x606.jpg 800w, https:\/\/www.northatlantic-islands.com\/wp-content\/uploads\/2022\/02\/Island-2_upphiting_ymisk-ovilsir-og-spol-verda-gjord-1-768x582.jpg 768w\" sizes=\"auto, (max-width: 1421px) 100vw, 1421px\" \/><figcaption>Opvarmning. Foto: Judo F\u00f8royar<\/figcaption><\/figure>\n\n\n\n<p>Formanden i Judo F\u00e6r\u00f8erne, Sofus Johannesen, sagde at tr\u00e6ningen gik godt, og at de f\u00e6r\u00f8ske judoud\u00f8vere l\u00e6rte meget p\u00e5 turen. Venskabet er stort imellem f\u00e6r\u00f8sk og islandsk judo og de islandske v\u00e6rter var meget g\u00e6stfri og viste ogs\u00e5 den f\u00e6r\u00f8ske ungdom rundt i Reykjav\u00edk. <\/p>\n\n\n\n<p>Alt i alt et meget godt initiativ, som absolut kan anbefales, og som Judo F\u00e6r\u00f8erne har planer om at gentage snart.<\/p>\n\n\n\n<figure class=\"wp-block-gallery has-nested-images columns-default is-cropped wp-block-gallery-1 is-layout-flex wp-block-gallery-is-layout-flex\">\n<figure class=\"wp-block-image size-large\"><img loading=\"lazy\" decoding=\"async\" width=\"1536\" height=\"926\" data-id=\"1779\" src=\"https:\/\/www.northatlantic-islands.com\/wp-content\/uploads\/2022\/02\/Island-1_stilla-upp-adrenn-venjing_venjarar-frammanfyri.jpg\" alt=\"\" class=\"wp-image-1779\" srcset=\"https:\/\/www.northatlantic-islands.com\/wp-content\/uploads\/2022\/02\/Island-1_stilla-upp-adrenn-venjing_venjarar-frammanfyri.jpg 1536w, https:\/\/www.northatlantic-islands.com\/wp-content\/uploads\/2022\/02\/Island-1_stilla-upp-adrenn-venjing_venjarar-frammanfyri-800x482.jpg 800w, https:\/\/www.northatlantic-islands.com\/wp-content\/uploads\/2022\/02\/Island-1_stilla-upp-adrenn-venjing_venjarar-frammanfyri-768x463.jpg 768w\" sizes=\"auto, (max-width: 1536px) 100vw, 1536px\" \/><figcaption>Deltagerne stiller op foran tr\u00e6nerne <\/figcaption><\/figure>\n\n\n\n<figure class=\"wp-block-image size-large\"><img loading=\"lazy\" decoding=\"async\" width=\"1800\" height=\"1272\" data-id=\"1781\" src=\"https:\/\/www.northatlantic-islands.com\/wp-content\/uploads\/2022\/02\/Island-4_luttakarar-og-venjarar-bukka-adrenn-og-aftana-venjing-1800x1272.jpg\" alt=\"\" class=\"wp-image-1781\" srcset=\"https:\/\/www.northatlantic-islands.com\/wp-content\/uploads\/2022\/02\/Island-4_luttakarar-og-venjarar-bukka-adrenn-og-aftana-venjing-1800x1272.jpg 1800w, https:\/\/www.northatlantic-islands.com\/wp-content\/uploads\/2022\/02\/Island-4_luttakarar-og-venjarar-bukka-adrenn-og-aftana-venjing-800x565.jpg 800w, https:\/\/www.northatlantic-islands.com\/wp-content\/uploads\/2022\/02\/Island-4_luttakarar-og-venjarar-bukka-adrenn-og-aftana-venjing-768x543.jpg 768w, https:\/\/www.northatlantic-islands.com\/wp-content\/uploads\/2022\/02\/Island-4_luttakarar-og-venjarar-bukka-adrenn-og-aftana-venjing-1536x1085.jpg 1536w, https:\/\/www.northatlantic-islands.com\/wp-content\/uploads\/2022\/02\/Island-4_luttakarar-og-venjarar-bukka-adrenn-og-aftana-venjing.jpg 2048w\" sizes=\"auto, (max-width: 1800px) 100vw, 1800px\" \/><figcaption>Deltagere og tr\u00e6nere bukker for hinanden f\u00f8r og efter tr\u00e6ning<\/figcaption><\/figure>\n\n\n\n<figure class=\"wp-block-image size-large\"><img loading=\"lazy\" decoding=\"async\" width=\"1800\" height=\"1103\" data-id=\"1792\" src=\"https:\/\/www.northatlantic-islands.com\/wp-content\/uploads\/2022\/02\/Island-5_foroysku-og-islendsku-genturnar-sum-luttoku-i-venjingunum-1800x1103.jpg\" alt=\"\" class=\"wp-image-1792\" srcset=\"https:\/\/www.northatlantic-islands.com\/wp-content\/uploads\/2022\/02\/Island-5_foroysku-og-islendsku-genturnar-sum-luttoku-i-venjingunum-1800x1103.jpg 1800w, https:\/\/www.northatlantic-islands.com\/wp-content\/uploads\/2022\/02\/Island-5_foroysku-og-islendsku-genturnar-sum-luttoku-i-venjingunum-800x490.jpg 800w, https:\/\/www.northatlantic-islands.com\/wp-content\/uploads\/2022\/02\/Island-5_foroysku-og-islendsku-genturnar-sum-luttoku-i-venjingunum-768x471.jpg 768w, https:\/\/www.northatlantic-islands.com\/wp-content\/uploads\/2022\/02\/Island-5_foroysku-og-islendsku-genturnar-sum-luttoku-i-venjingunum-1536x942.jpg 1536w, https:\/\/www.northatlantic-islands.com\/wp-content\/uploads\/2022\/02\/Island-5_foroysku-og-islendsku-genturnar-sum-luttoku-i-venjingunum.jpg 1977w\" sizes=\"auto, (max-width: 1800px) 100vw, 1800px\" \/><figcaption>De f\u00e6r\u00f8ske og islandske piger der deltog<\/figcaption><\/figure>\n\n\n\n<figure class=\"wp-block-image size-large\"><img loading=\"lazy\" decoding=\"async\" width=\"1800\" height=\"1224\" data-id=\"1783\" src=\"https:\/\/www.northatlantic-islands.com\/wp-content\/uploads\/2022\/02\/Island-6_dreingir-fra-Havnar-Judofelag-og-Sam-Vang-venjari-1800x1224.jpg\" alt=\"\" class=\"wp-image-1783\" srcset=\"https:\/\/www.northatlantic-islands.com\/wp-content\/uploads\/2022\/02\/Island-6_dreingir-fra-Havnar-Judofelag-og-Sam-Vang-venjari-1800x1224.jpg 1800w, https:\/\/www.northatlantic-islands.com\/wp-content\/uploads\/2022\/02\/Island-6_dreingir-fra-Havnar-Judofelag-og-Sam-Vang-venjari-800x544.jpg 800w, https:\/\/www.northatlantic-islands.com\/wp-content\/uploads\/2022\/02\/Island-6_dreingir-fra-Havnar-Judofelag-og-Sam-Vang-venjari-768x522.jpg 768w, https:\/\/www.northatlantic-islands.com\/wp-content\/uploads\/2022\/02\/Island-6_dreingir-fra-Havnar-Judofelag-og-Sam-Vang-venjari-1536x1044.jpg 1536w, https:\/\/www.northatlantic-islands.com\/wp-content\/uploads\/2022\/02\/Island-6_dreingir-fra-Havnar-Judofelag-og-Sam-Vang-venjari.jpg 1937w\" sizes=\"auto, (max-width: 1800px) 100vw, 1800px\" \/><figcaption>Havnar Judofelag og Sam Vang, tr\u00e6ner<\/figcaption><\/figure>\n\n\n\n<figure class=\"wp-block-image size-large\"><img loading=\"lazy\" decoding=\"async\" width=\"1800\" height=\"1183\" data-id=\"1789\" src=\"https:\/\/www.northatlantic-islands.com\/wp-content\/uploads\/2022\/02\/Island-7_Klaksvikar-Judofelag-og-Malvinus-i-Gong-venjari-1800x1183.jpg\" alt=\"\" class=\"wp-image-1789\" srcset=\"https:\/\/www.northatlantic-islands.com\/wp-content\/uploads\/2022\/02\/Island-7_Klaksvikar-Judofelag-og-Malvinus-i-Gong-venjari-1800x1183.jpg 1800w, https:\/\/www.northatlantic-islands.com\/wp-content\/uploads\/2022\/02\/Island-7_Klaksvikar-Judofelag-og-Malvinus-i-Gong-venjari-800x526.jpg 800w, https:\/\/www.northatlantic-islands.com\/wp-content\/uploads\/2022\/02\/Island-7_Klaksvikar-Judofelag-og-Malvinus-i-Gong-venjari-768x505.jpg 768w, https:\/\/www.northatlantic-islands.com\/wp-content\/uploads\/2022\/02\/Island-7_Klaksvikar-Judofelag-og-Malvinus-i-Gong-venjari-1536x1009.jpg 1536w, https:\/\/www.northatlantic-islands.com\/wp-content\/uploads\/2022\/02\/Island-7_Klaksvikar-Judofelag-og-Malvinus-i-Gong-venjari.jpg 1995w\" sizes=\"auto, (max-width: 1800px) 100vw, 1800px\" \/><figcaption>Klaksv\u00edkar Judofelag og Malvinus \u00ed Gong, tr\u00e6ner<\/figcaption><\/figure>\n\n\n\n<figure class=\"wp-block-image size-large\"><img loading=\"lazy\" decoding=\"async\" width=\"1800\" height=\"1229\" data-id=\"1785\" src=\"https:\/\/www.northatlantic-islands.com\/wp-content\/uploads\/2022\/02\/Island-8_Sunda-Judofelag-og-Kristianna-a-Tugvu-venjari-1800x1229.jpg\" alt=\"\" class=\"wp-image-1785\" srcset=\"https:\/\/www.northatlantic-islands.com\/wp-content\/uploads\/2022\/02\/Island-8_Sunda-Judofelag-og-Kristianna-a-Tugvu-venjari-1800x1229.jpg 1800w, https:\/\/www.northatlantic-islands.com\/wp-content\/uploads\/2022\/02\/Island-8_Sunda-Judofelag-og-Kristianna-a-Tugvu-venjari-800x546.jpg 800w, https:\/\/www.northatlantic-islands.com\/wp-content\/uploads\/2022\/02\/Island-8_Sunda-Judofelag-og-Kristianna-a-Tugvu-venjari-768x524.jpg 768w, https:\/\/www.northatlantic-islands.com\/wp-content\/uploads\/2022\/02\/Island-8_Sunda-Judofelag-og-Kristianna-a-Tugvu-venjari-1536x1049.jpg 1536w, https:\/\/www.northatlantic-islands.com\/wp-content\/uploads\/2022\/02\/Island-8_Sunda-Judofelag-og-Kristianna-a-Tugvu-venjari.jpg 2048w\" sizes=\"auto, (max-width: 1800px) 100vw, 1800px\" \/><figcaption>Sunda Judofelag og Kristianna \u00e1 T\u00fagvu, tr\u00e6ner<\/figcaption><\/figure>\n\n\n\n<figure class=\"wp-block-image size-large\"><img loading=\"lazy\" decoding=\"async\" width=\"1363\" height=\"1800\" data-id=\"1791\" src=\"https:\/\/www.northatlantic-islands.com\/wp-content\/uploads\/2022\/02\/Island-10_venjarar-Bjarni-Fridriksson-OL-bronsuvinnari-Malvinus-i-Gong-veit-ikki-og-Sam-Vang-1363x1800.jpg\" alt=\"\" class=\"wp-image-1791\" srcset=\"https:\/\/www.northatlantic-islands.com\/wp-content\/uploads\/2022\/02\/Island-10_venjarar-Bjarni-Fridriksson-OL-bronsuvinnari-Malvinus-i-Gong-veit-ikki-og-Sam-Vang-1363x1800.jpg 1363w, https:\/\/www.northatlantic-islands.com\/wp-content\/uploads\/2022\/02\/Island-10_venjarar-Bjarni-Fridriksson-OL-bronsuvinnari-Malvinus-i-Gong-veit-ikki-og-Sam-Vang-606x800.jpg 606w, https:\/\/www.northatlantic-islands.com\/wp-content\/uploads\/2022\/02\/Island-10_venjarar-Bjarni-Fridriksson-OL-bronsuvinnari-Malvinus-i-Gong-veit-ikki-og-Sam-Vang-768x1014.jpg 768w, https:\/\/www.northatlantic-islands.com\/wp-content\/uploads\/2022\/02\/Island-10_venjarar-Bjarni-Fridriksson-OL-bronsuvinnari-Malvinus-i-Gong-veit-ikki-og-Sam-Vang-1163x1536.jpg 1163w, https:\/\/www.northatlantic-islands.com\/wp-content\/uploads\/2022\/02\/Island-10_venjarar-Bjarni-Fridriksson-OL-bronsuvinnari-Malvinus-i-Gong-veit-ikki-og-Sam-Vang.jpg 1530w\" sizes=\"auto, (max-width: 1363px) 100vw, 1363px\" \/><figcaption>Tr\u00e6nere: f.v. Bjarni Fri\u00f0riksson, OL-bronzevinder, Malvinus \u00ed Gong, Halldor Gu\u00f0bj\u00f6rnsson og Sam Vang<\/figcaption><\/figure>\n<figcaption class=\"blocks-gallery-caption\">Fotos: Judo F\u00f8royar<\/figcaption><\/figure>\n\n\n\n<p><\/p>\n","protected":false},"excerpt":{"rendered":"<p>Judo F\u00e6r\u00f8erne fik bevilliget st\u00f8tte fra NATA i for\u00e5ret 2021 og tog p\u00e5 tr\u00e6ningslejr p\u00e5 Island i efter\u00e5rsferien samme \u00e5r. Gruppen rejste fra F\u00e6r\u00f8erne til Reykjav\u00edk fredag den 8. oktober og hjem igen om mandagen den 11. oktober. Med p\u00e5 rejsen var 17 unge mennesker, 6 piger og 11 drenge, i alderen 11-17 \u00e5r. To [&hellip;]<\/p>\n","protected":false},"author":2,"featured_media":1795,"comment_status":"open","ping_status":"closed","sticky":false,"template":"","format":"standard","meta":{"_acf_changed":false,"footnotes":""},"categories":[25,23],"tags":[],"class_list":["post-1771","post","type-post","status-publish","format-standard","has-post-thumbnail","hentry","category-bevillinger","category-nyheder"],"acf":[],"yoast_head":"<!-- This site is optimized with the Yoast SEO plugin v27.5 - https:\/\/yoast.com\/product\/yoast-seo-wordpress\/ -->\n<title>F\u00e6r\u00f8sk og islandsk judo tr\u00e6ner sammen - NATA<\/title>\n<meta name=\"description\" content=\"NATA - North Atlantic Tourism Association st\u00f8tter f\u00e6r\u00f8sk tr\u00e6ningslejr i judo p\u00e5 Island. Ungdommer m\u00f8des og knytter venskabsb\u00e5nd.\" \/>\n<meta name=\"robots\" content=\"index, follow, max-snippet:-1, max-image-preview:large, max-video-preview:-1\" \/>\n<link rel=\"canonical\" href=\"https:\/\/www.northatlantic-islands.com\/da\/judo-faeroerne-pa-traeningslejr-pa-island\/\" \/>\n<meta property=\"og:locale\" content=\"da_DK\" \/>\n<meta property=\"og:type\" content=\"article\" \/>\n<meta property=\"og:title\" content=\"F\u00e6r\u00f8sk og islandsk judo tr\u00e6ner sammen - NATA\" \/>\n<meta property=\"og:description\" content=\"NATA - North Atlantic Tourism Association st\u00f8tter f\u00e6r\u00f8sk tr\u00e6ningslejr i judo p\u00e5 Island. Ungdommer m\u00f8des og knytter venskabsb\u00e5nd.\" \/>\n<meta property=\"og:url\" content=\"https:\/\/www.northatlantic-islands.com\/da\/judo-faeroerne-pa-traeningslejr-pa-island\/\" \/>\n<meta property=\"og:site_name\" content=\"NATA\" \/>\n<meta property=\"article:published_time\" content=\"2022-02-15T09:50:03+00:00\" \/>\n<meta property=\"article:modified_time\" content=\"2022-02-15T13:16:03+00:00\" \/>\n<meta property=\"og:image\" content=\"https:\/\/www.northatlantic-islands.com\/wp-content\/uploads\/2022\/02\/Island-3_Foroysku-og-islendsku-luttakararnir-1.jpg\" \/>\n\t<meta property=\"og:image:width\" content=\"2047\" \/>\n\t<meta property=\"og:image:height\" content=\"846\" \/>\n\t<meta property=\"og:image:type\" content=\"image\/jpeg\" \/>\n<meta name=\"author\" content=\"Erla Weihe Johannesen\" \/>\n<meta name=\"twitter:card\" content=\"summary_large_image\" \/>\n<meta name=\"twitter:label1\" content=\"Skrevet af\" \/>\n\t<meta name=\"twitter:data1\" content=\"Erla Weihe Johannesen\" \/>\n\t<meta name=\"twitter:label2\" content=\"Estimeret l\u00e6setid\" \/>\n\t<meta name=\"twitter:data2\" content=\"3 minutter\" \/>\n<script type=\"application\/ld+json\" class=\"yoast-schema-graph\">{\"@context\":\"https:\\\/\\\/schema.org\",\"@graph\":[{\"@type\":\"Article\",\"@id\":\"https:\\\/\\\/www.northatlantic-islands.com\\\/da\\\/judo-faeroerne-pa-traeningslejr-pa-island\\\/#article\",\"isPartOf\":{\"@id\":\"https:\\\/\\\/www.northatlantic-islands.com\\\/da\\\/judo-faeroerne-pa-traeningslejr-pa-island\\\/\"},\"author\":{\"name\":\"Erla Weihe Johannesen\",\"@id\":\"https:\\\/\\\/www.northatlantic-islands.com\\\/da\\\/#\\\/schema\\\/person\\\/0c76dbe8957466637b7bf3e8b95cd8ab\"},\"headline\":\"F\u00e6r\u00f8sk og islandsk judo tr\u00e6ner sammen\",\"datePublished\":\"2022-02-15T09:50:03+00:00\",\"dateModified\":\"2022-02-15T13:16:03+00:00\",\"mainEntityOfPage\":{\"@id\":\"https:\\\/\\\/www.northatlantic-islands.com\\\/da\\\/judo-faeroerne-pa-traeningslejr-pa-island\\\/\"},\"wordCount\":283,\"commentCount\":0,\"image\":{\"@id\":\"https:\\\/\\\/www.northatlantic-islands.com\\\/da\\\/judo-faeroerne-pa-traeningslejr-pa-island\\\/#primaryimage\"},\"thumbnailUrl\":\"https:\\\/\\\/www.northatlantic-islands.com\\\/wp-content\\\/uploads\\\/2022\\\/02\\\/Island-3_Foroysku-og-islendsku-luttakararnir-1.jpg\",\"articleSection\":[\"Bevillinger\",\"Nyheder\"],\"inLanguage\":\"da-DK\",\"potentialAction\":[{\"@type\":\"CommentAction\",\"name\":\"Comment\",\"target\":[\"https:\\\/\\\/www.northatlantic-islands.com\\\/da\\\/judo-faeroerne-pa-traeningslejr-pa-island\\\/#respond\"]}]},{\"@type\":\"WebPage\",\"@id\":\"https:\\\/\\\/www.northatlantic-islands.com\\\/da\\\/judo-faeroerne-pa-traeningslejr-pa-island\\\/\",\"url\":\"https:\\\/\\\/www.northatlantic-islands.com\\\/da\\\/judo-faeroerne-pa-traeningslejr-pa-island\\\/\",\"name\":\"F\u00e6r\u00f8sk og islandsk judo tr\u00e6ner sammen - NATA\",\"isPartOf\":{\"@id\":\"https:\\\/\\\/www.northatlantic-islands.com\\\/da\\\/#website\"},\"primaryImageOfPage\":{\"@id\":\"https:\\\/\\\/www.northatlantic-islands.com\\\/da\\\/judo-faeroerne-pa-traeningslejr-pa-island\\\/#primaryimage\"},\"image\":{\"@id\":\"https:\\\/\\\/www.northatlantic-islands.com\\\/da\\\/judo-faeroerne-pa-traeningslejr-pa-island\\\/#primaryimage\"},\"thumbnailUrl\":\"https:\\\/\\\/www.northatlantic-islands.com\\\/wp-content\\\/uploads\\\/2022\\\/02\\\/Island-3_Foroysku-og-islendsku-luttakararnir-1.jpg\",\"datePublished\":\"2022-02-15T09:50:03+00:00\",\"dateModified\":\"2022-02-15T13:16:03+00:00\",\"author\":{\"@id\":\"https:\\\/\\\/www.northatlantic-islands.com\\\/da\\\/#\\\/schema\\\/person\\\/0c76dbe8957466637b7bf3e8b95cd8ab\"},\"description\":\"NATA - North Atlantic Tourism Association st\u00f8tter f\u00e6r\u00f8sk tr\u00e6ningslejr i judo p\u00e5 Island. Ungdommer m\u00f8des og knytter venskabsb\u00e5nd.\",\"breadcrumb\":{\"@id\":\"https:\\\/\\\/www.northatlantic-islands.com\\\/da\\\/judo-faeroerne-pa-traeningslejr-pa-island\\\/#breadcrumb\"},\"inLanguage\":\"da-DK\",\"potentialAction\":[{\"@type\":\"ReadAction\",\"target\":[\"https:\\\/\\\/www.northatlantic-islands.com\\\/da\\\/judo-faeroerne-pa-traeningslejr-pa-island\\\/\"]}]},{\"@type\":\"ImageObject\",\"inLanguage\":\"da-DK\",\"@id\":\"https:\\\/\\\/www.northatlantic-islands.com\\\/da\\\/judo-faeroerne-pa-traeningslejr-pa-island\\\/#primaryimage\",\"url\":\"https:\\\/\\\/www.northatlantic-islands.com\\\/wp-content\\\/uploads\\\/2022\\\/02\\\/Island-3_Foroysku-og-islendsku-luttakararnir-1.jpg\",\"contentUrl\":\"https:\\\/\\\/www.northatlantic-islands.com\\\/wp-content\\\/uploads\\\/2022\\\/02\\\/Island-3_Foroysku-og-islendsku-luttakararnir-1.jpg\",\"width\":2047,\"height\":846,\"caption\":\"Foto: Judo F\u00f8royar\"},{\"@type\":\"BreadcrumbList\",\"@id\":\"https:\\\/\\\/www.northatlantic-islands.com\\\/da\\\/judo-faeroerne-pa-traeningslejr-pa-island\\\/#breadcrumb\",\"itemListElement\":[{\"@type\":\"ListItem\",\"position\":1,\"name\":\"Home\",\"item\":\"https:\\\/\\\/www.northatlantic-islands.com\\\/da\\\/\"},{\"@type\":\"ListItem\",\"position\":2,\"name\":\"F\u00e6r\u00f8sk og islandsk judo tr\u00e6ner sammen\"}]},{\"@type\":\"WebSite\",\"@id\":\"https:\\\/\\\/www.northatlantic-islands.com\\\/da\\\/#website\",\"url\":\"https:\\\/\\\/www.northatlantic-islands.com\\\/da\\\/\",\"name\":\"NATA\",\"description\":\"North Atlantic Tourism Association\",\"potentialAction\":[{\"@type\":\"SearchAction\",\"target\":{\"@type\":\"EntryPoint\",\"urlTemplate\":\"https:\\\/\\\/www.northatlantic-islands.com\\\/da\\\/?s={search_term_string}\"},\"query-input\":{\"@type\":\"PropertyValueSpecification\",\"valueRequired\":true,\"valueName\":\"search_term_string\"}}],\"inLanguage\":\"da-DK\"},{\"@type\":\"Person\",\"@id\":\"https:\\\/\\\/www.northatlantic-islands.com\\\/da\\\/#\\\/schema\\\/person\\\/0c76dbe8957466637b7bf3e8b95cd8ab\",\"name\":\"Erla Weihe Johannesen\",\"url\":\"https:\\\/\\\/www.northatlantic-islands.com\\\/da\\\/author\\\/ewjvinnuframi-fo\\\/\"}]}<\/script>\n<!-- \/ Yoast SEO plugin. -->","yoast_head_json":{"title":"F\u00e6r\u00f8sk og islandsk judo tr\u00e6ner sammen - NATA","description":"NATA - North Atlantic Tourism Association st\u00f8tter f\u00e6r\u00f8sk tr\u00e6ningslejr i judo p\u00e5 Island. Ungdommer m\u00f8des og knytter venskabsb\u00e5nd.","robots":{"index":"index","follow":"follow","max-snippet":"max-snippet:-1","max-image-preview":"max-image-preview:large","max-video-preview":"max-video-preview:-1"},"canonical":"https:\/\/www.northatlantic-islands.com\/da\/judo-faeroerne-pa-traeningslejr-pa-island\/","og_locale":"da_DK","og_type":"article","og_title":"F\u00e6r\u00f8sk og islandsk judo tr\u00e6ner sammen - NATA","og_description":"NATA - North Atlantic Tourism Association st\u00f8tter f\u00e6r\u00f8sk tr\u00e6ningslejr i judo p\u00e5 Island. Ungdommer m\u00f8des og knytter venskabsb\u00e5nd.","og_url":"https:\/\/www.northatlantic-islands.com\/da\/judo-faeroerne-pa-traeningslejr-pa-island\/","og_site_name":"NATA","article_published_time":"2022-02-15T09:50:03+00:00","article_modified_time":"2022-02-15T13:16:03+00:00","og_image":[{"width":2047,"height":846,"url":"https:\/\/www.northatlantic-islands.com\/wp-content\/uploads\/2022\/02\/Island-3_Foroysku-og-islendsku-luttakararnir-1.jpg","type":"image\/jpeg"}],"author":"Erla Weihe Johannesen","twitter_card":"summary_large_image","twitter_misc":{"Skrevet af":"Erla Weihe Johannesen","Estimeret l\u00e6setid":"3 minutter"},"schema":{"@context":"https:\/\/schema.org","@graph":[{"@type":"Article","@id":"https:\/\/www.northatlantic-islands.com\/da\/judo-faeroerne-pa-traeningslejr-pa-island\/#article","isPartOf":{"@id":"https:\/\/www.northatlantic-islands.com\/da\/judo-faeroerne-pa-traeningslejr-pa-island\/"},"author":{"name":"Erla Weihe Johannesen","@id":"https:\/\/www.northatlantic-islands.com\/da\/#\/schema\/person\/0c76dbe8957466637b7bf3e8b95cd8ab"},"headline":"F\u00e6r\u00f8sk og islandsk judo tr\u00e6ner sammen","datePublished":"2022-02-15T09:50:03+00:00","dateModified":"2022-02-15T13:16:03+00:00","mainEntityOfPage":{"@id":"https:\/\/www.northatlantic-islands.com\/da\/judo-faeroerne-pa-traeningslejr-pa-island\/"},"wordCount":283,"commentCount":0,"image":{"@id":"https:\/\/www.northatlantic-islands.com\/da\/judo-faeroerne-pa-traeningslejr-pa-island\/#primaryimage"},"thumbnailUrl":"https:\/\/www.northatlantic-islands.com\/wp-content\/uploads\/2022\/02\/Island-3_Foroysku-og-islendsku-luttakararnir-1.jpg","articleSection":["Bevillinger","Nyheder"],"inLanguage":"da-DK","potentialAction":[{"@type":"CommentAction","name":"Comment","target":["https:\/\/www.northatlantic-islands.com\/da\/judo-faeroerne-pa-traeningslejr-pa-island\/#respond"]}]},{"@type":"WebPage","@id":"https:\/\/www.northatlantic-islands.com\/da\/judo-faeroerne-pa-traeningslejr-pa-island\/","url":"https:\/\/www.northatlantic-islands.com\/da\/judo-faeroerne-pa-traeningslejr-pa-island\/","name":"F\u00e6r\u00f8sk og islandsk judo tr\u00e6ner sammen - NATA","isPartOf":{"@id":"https:\/\/www.northatlantic-islands.com\/da\/#website"},"primaryImageOfPage":{"@id":"https:\/\/www.northatlantic-islands.com\/da\/judo-faeroerne-pa-traeningslejr-pa-island\/#primaryimage"},"image":{"@id":"https:\/\/www.northatlantic-islands.com\/da\/judo-faeroerne-pa-traeningslejr-pa-island\/#primaryimage"},"thumbnailUrl":"https:\/\/www.northatlantic-islands.com\/wp-content\/uploads\/2022\/02\/Island-3_Foroysku-og-islendsku-luttakararnir-1.jpg","datePublished":"2022-02-15T09:50:03+00:00","dateModified":"2022-02-15T13:16:03+00:00","author":{"@id":"https:\/\/www.northatlantic-islands.com\/da\/#\/schema\/person\/0c76dbe8957466637b7bf3e8b95cd8ab"},"description":"NATA - North Atlantic Tourism Association st\u00f8tter f\u00e6r\u00f8sk tr\u00e6ningslejr i judo p\u00e5 Island. Ungdommer m\u00f8des og knytter venskabsb\u00e5nd.","breadcrumb":{"@id":"https:\/\/www.northatlantic-islands.com\/da\/judo-faeroerne-pa-traeningslejr-pa-island\/#breadcrumb"},"inLanguage":"da-DK","potentialAction":[{"@type":"ReadAction","target":["https:\/\/www.northatlantic-islands.com\/da\/judo-faeroerne-pa-traeningslejr-pa-island\/"]}]},{"@type":"ImageObject","inLanguage":"da-DK","@id":"https:\/\/www.northatlantic-islands.com\/da\/judo-faeroerne-pa-traeningslejr-pa-island\/#primaryimage","url":"https:\/\/www.northatlantic-islands.com\/wp-content\/uploads\/2022\/02\/Island-3_Foroysku-og-islendsku-luttakararnir-1.jpg","contentUrl":"https:\/\/www.northatlantic-islands.com\/wp-content\/uploads\/2022\/02\/Island-3_Foroysku-og-islendsku-luttakararnir-1.jpg","width":2047,"height":846,"caption":"Foto: Judo F\u00f8royar"},{"@type":"BreadcrumbList","@id":"https:\/\/www.northatlantic-islands.com\/da\/judo-faeroerne-pa-traeningslejr-pa-island\/#breadcrumb","itemListElement":[{"@type":"ListItem","position":1,"name":"Home","item":"https:\/\/www.northatlantic-islands.com\/da\/"},{"@type":"ListItem","position":2,"name":"F\u00e6r\u00f8sk og islandsk judo tr\u00e6ner sammen"}]},{"@type":"WebSite","@id":"https:\/\/www.northatlantic-islands.com\/da\/#website","url":"https:\/\/www.northatlantic-islands.com\/da\/","name":"NATA","description":"North Atlantic Tourism Association","potentialAction":[{"@type":"SearchAction","target":{"@type":"EntryPoint","urlTemplate":"https:\/\/www.northatlantic-islands.com\/da\/?s={search_term_string}"},"query-input":{"@type":"PropertyValueSpecification","valueRequired":true,"valueName":"search_term_string"}}],"inLanguage":"da-DK"},{"@type":"Person","@id":"https:\/\/www.northatlantic-islands.com\/da\/#\/schema\/person\/0c76dbe8957466637b7bf3e8b95cd8ab","name":"Erla Weihe Johannesen","url":"https:\/\/www.northatlantic-islands.com\/da\/author\/ewjvinnuframi-fo\/"}]}},"_links":{"self":[{"href":"https:\/\/www.northatlantic-islands.com\/da\/wp-json\/wp\/v2\/posts\/1771","targetHints":{"allow":["GET"]}}],"collection":[{"href":"https:\/\/www.northatlantic-islands.com\/da\/wp-json\/wp\/v2\/posts"}],"about":[{"href":"https:\/\/www.northatlantic-islands.com\/da\/wp-json\/wp\/v2\/types\/post"}],"author":[{"embeddable":true,"href":"https:\/\/www.northatlantic-islands.com\/da\/wp-json\/wp\/v2\/users\/2"}],"replies":[{"embeddable":true,"href":"https:\/\/www.northatlantic-islands.com\/da\/wp-json\/wp\/v2\/comments?post=1771"}],"version-history":[{"count":8,"href":"https:\/\/www.northatlantic-islands.com\/da\/wp-json\/wp\/v2\/posts\/1771\/revisions"}],"predecessor-version":[{"id":1811,"href":"https:\/\/www.northatlantic-islands.com\/da\/wp-json\/wp\/v2\/posts\/1771\/revisions\/1811"}],"wp:featuredmedia":[{"embeddable":true,"href":"https:\/\/www.northatlantic-islands.com\/da\/wp-json\/wp\/v2\/media\/1795"}],"wp:attachment":[{"href":"https:\/\/www.northatlantic-islands.com\/da\/wp-json\/wp\/v2\/media?parent=1771"}],"wp:term":[{"taxonomy":"category","embeddable":true,"href":"https:\/\/www.northatlantic-islands.com\/da\/wp-json\/wp\/v2\/categories?post=1771"},{"taxonomy":"post_tag","embeddable":true,"href":"https:\/\/www.northatlantic-islands.com\/da\/wp-json\/wp\/v2\/tags?post=1771"}],"curies":[{"name":"wp","href":"https:\/\/api.w.org\/{rel}","templated":true}]}}