{"id":1050,"date":"2021-07-19T09:44:51","date_gmt":"2021-07-19T09:44:51","guid":{"rendered":"https:\/\/www.northatlantic-islands.com\/?p=1050"},"modified":"2021-07-21T10:52:11","modified_gmt":"2021-07-21T10:52:11","slug":"festivalhoell-vikingefestival-og-levende-historie","status":"publish","type":"post","link":"https:\/\/www.northatlantic-islands.com\/da\/festivalhoell-vikingefestival-og-levende-historie\/","title":{"rendered":"Festivalh\u00f6ll &#8211; Vikingefestival og levende historie"},"content":{"rendered":"\n<p>Det allerf\u00f8rste Fest\u00edvalh\u00f6ll blev afholdt over 3 dage, 9.-11. Juli 2021, i T\u00f3rshavn p\u00e5 F\u00e6r\u00f8erne. Arrangeret af F\u00e6r\u00f8ske Viking Events, Arvakr og Berserk i samarbejde med Rimmug\u00fdgur fra Island. Viking Events fik bevilliget st\u00f8tte fra NATA i 2020, men grundet Covid-19 s\u00e5 kunne festivalen ikke holdes f\u00f8r i 2021. Form\u00e5let med Fest\u00edvalh\u00f6ll er, med levende historie, at v\u00e6kke interesse for Nordens 1000 \u00e5r gamle kulturhistorie.<\/p>\n\n\n\n<p>Fest\u00edvalh\u00f6ll foregik i plantagen i T\u00f3rshavn som et vikingetorv, derudover var der arrangeret kurser og en koncert i bygninger i n\u00e6rheden, hvor bes\u00f8gende fik en helhedsoplevelse, som viste hvordan vores forf\u00e6dre levede for 1000 \u00e5r siden. P\u00e5 vikingetorvet blev man som bes\u00f8gende opfordret til at deltage i tinget, som blev formidlet som et \u201dinteractive\/deltagende\u201d \u201dskuespil\u201d p\u00e5 4 sprog. Desuden kunne de bes\u00f8gende opleve historiske h\u00e5ndarbejder, s\u00e5 som to smedjer, tinst\u00f8bning, plantefarvning, bayeux brodering, opstads-v\u00e6vning og kornmalning. Der var ogs\u00e5 salgsboder der solgte og formidlede f\u00e6rdigfremstillede varer.<\/p>\n\n\n\n<figure class=\"wp-block-image size-large\"><img loading=\"lazy\" decoding=\"async\" width=\"1013\" height=\"1800\" src=\"https:\/\/www.northatlantic-islands.com\/wp-content\/uploads\/2021\/07\/Ung-genta-og-instrument_Randi-Holm-1013x1800.jpg\" alt=\"\" class=\"wp-image-1356\" srcset=\"https:\/\/www.northatlantic-islands.com\/wp-content\/uploads\/2021\/07\/Ung-genta-og-instrument_Randi-Holm-1013x1800.jpg 1013w, https:\/\/www.northatlantic-islands.com\/wp-content\/uploads\/2021\/07\/Ung-genta-og-instrument_Randi-Holm-450x800.jpg 450w, https:\/\/www.northatlantic-islands.com\/wp-content\/uploads\/2021\/07\/Ung-genta-og-instrument_Randi-Holm-768x1365.jpg 768w, https:\/\/www.northatlantic-islands.com\/wp-content\/uploads\/2021\/07\/Ung-genta-og-instrument_Randi-Holm-864x1536.jpg 864w, https:\/\/www.northatlantic-islands.com\/wp-content\/uploads\/2021\/07\/Ung-genta-og-instrument_Randi-Holm-1152x2048.jpg 1152w, https:\/\/www.northatlantic-islands.com\/wp-content\/uploads\/2021\/07\/Ung-genta-og-instrument_Randi-Holm-scaled.jpg 1440w\" sizes=\"auto, (max-width: 1013px) 100vw, 1013px\" \/><figcaption>Photo: Randi Holm &#8211; Viking Events<\/figcaption><\/figure>\n\n\n\n<p>Som \u201dbes\u00f8gende\u201d kunne man ogs\u00e5 opleve vikinge musik med 4 forskellige akt\u00f8rer\/grupper der spillede p\u00e5 historiske instrumenter, h\u00f8re historiefort\u00e6lling p\u00e5 3 forskellige sprog, se vikingekampe, deltage i vikingelege og skyde med bue og pil. Alle bes\u00f8gende fik tilbudt at smage mad tilberedt af autentiske r\u00e5varer.<\/p>\n\n\n\n<figure class=\"wp-block-image size-large\"><img loading=\"lazy\" decoding=\"async\" width=\"1013\" height=\"1800\" src=\"https:\/\/www.northatlantic-islands.com\/wp-content\/uploads\/2021\/07\/Matgerd-a-bali_Randi-Holm-1013x1800.jpg\" alt=\"\" class=\"wp-image-1348\" srcset=\"https:\/\/www.northatlantic-islands.com\/wp-content\/uploads\/2021\/07\/Matgerd-a-bali_Randi-Holm-1013x1800.jpg 1013w, https:\/\/www.northatlantic-islands.com\/wp-content\/uploads\/2021\/07\/Matgerd-a-bali_Randi-Holm-450x800.jpg 450w, https:\/\/www.northatlantic-islands.com\/wp-content\/uploads\/2021\/07\/Matgerd-a-bali_Randi-Holm-768x1365.jpg 768w, https:\/\/www.northatlantic-islands.com\/wp-content\/uploads\/2021\/07\/Matgerd-a-bali_Randi-Holm-864x1536.jpg 864w, https:\/\/www.northatlantic-islands.com\/wp-content\/uploads\/2021\/07\/Matgerd-a-bali_Randi-Holm-1152x2048.jpg 1152w, https:\/\/www.northatlantic-islands.com\/wp-content\/uploads\/2021\/07\/Matgerd-a-bali_Randi-Holm-scaled.jpg 1440w\" sizes=\"auto, (max-width: 1013px) 100vw, 1013px\" \/><figcaption>Photo: Randi Holm &#8211; Viking Events<\/figcaption><\/figure>\n\n\n\n<p>Fremtidsvisionen er at arrangere en \u00e5rlig vikingefestival p\u00e5 F\u00e6r\u00f8erne, som er s\u00e5 autentisk og s\u00e6rlig, at den bliver et midtpunkt for vikingeinteresserede omkring Nordatlanten. Form\u00e5let med festivalen er at indsamle penge til at bygge et f\u00e6r\u00f8sk langhus og, med tiden, en vikingebygd. Denne bygd skal v\u00e6re center for formidling af f\u00e6r\u00f8sk, og derved nordatlantisk, landnamshistorie.<\/p>\n\n\n\n<figure class=\"wp-block-gallery columns-3 is-cropped wp-block-gallery-1 is-layout-flex wp-block-gallery-is-layout-flex\"><ul class=\"blocks-gallery-grid\"><li class=\"blocks-gallery-item\"><figure><a href=\"https:\/\/www.northatlantic-islands.com\/wp-content\/uploads\/2021\/07\/Ungur-smidur_Randi-Holm-scaled.jpg\"><img loading=\"lazy\" decoding=\"async\" width=\"1013\" height=\"1800\" src=\"https:\/\/www.northatlantic-islands.com\/wp-content\/uploads\/2021\/07\/Ungur-smidur_Randi-Holm-1013x1800.jpg\" alt=\"\" data-id=\"1360\" data-full-url=\"https:\/\/www.northatlantic-islands.com\/wp-content\/uploads\/2021\/07\/Ungur-smidur_Randi-Holm-scaled.jpg\" data-link=\"https:\/\/www.northatlantic-islands.com\/da\/ungur-smidur_randi-holm\/\" class=\"wp-image-1360\" srcset=\"https:\/\/www.northatlantic-islands.com\/wp-content\/uploads\/2021\/07\/Ungur-smidur_Randi-Holm-1013x1800.jpg 1013w, https:\/\/www.northatlantic-islands.com\/wp-content\/uploads\/2021\/07\/Ungur-smidur_Randi-Holm-450x800.jpg 450w, https:\/\/www.northatlantic-islands.com\/wp-content\/uploads\/2021\/07\/Ungur-smidur_Randi-Holm-768x1365.jpg 768w, https:\/\/www.northatlantic-islands.com\/wp-content\/uploads\/2021\/07\/Ungur-smidur_Randi-Holm-864x1536.jpg 864w, https:\/\/www.northatlantic-islands.com\/wp-content\/uploads\/2021\/07\/Ungur-smidur_Randi-Holm-1152x2048.jpg 1152w, https:\/\/www.northatlantic-islands.com\/wp-content\/uploads\/2021\/07\/Ungur-smidur_Randi-Holm-scaled.jpg 1440w\" sizes=\"auto, (max-width: 1013px) 100vw, 1013px\" \/><\/a><figcaption class=\"blocks-gallery-item__caption\">Photo: Randi Holm &#8211; Viking Events<\/figcaption><\/figure><\/li><li class=\"blocks-gallery-item\"><figure><a href=\"https:\/\/www.northatlantic-islands.com\/wp-content\/uploads\/2021\/07\/Ungur-smidur-og-eldri_Randi-Holm-scaled.jpg\"><img loading=\"lazy\" decoding=\"async\" width=\"1013\" height=\"1800\" src=\"https:\/\/www.northatlantic-islands.com\/wp-content\/uploads\/2021\/07\/Ungur-smidur-og-eldri_Randi-Holm-1013x1800.jpg\" alt=\"\" data-id=\"1358\" data-full-url=\"https:\/\/www.northatlantic-islands.com\/wp-content\/uploads\/2021\/07\/Ungur-smidur-og-eldri_Randi-Holm-scaled.jpg\" data-link=\"https:\/\/www.northatlantic-islands.com\/da\/ungur-smidur-og-eldri_randi-holm\/\" class=\"wp-image-1358\" srcset=\"https:\/\/www.northatlantic-islands.com\/wp-content\/uploads\/2021\/07\/Ungur-smidur-og-eldri_Randi-Holm-1013x1800.jpg 1013w, https:\/\/www.northatlantic-islands.com\/wp-content\/uploads\/2021\/07\/Ungur-smidur-og-eldri_Randi-Holm-450x800.jpg 450w, https:\/\/www.northatlantic-islands.com\/wp-content\/uploads\/2021\/07\/Ungur-smidur-og-eldri_Randi-Holm-768x1365.jpg 768w, https:\/\/www.northatlantic-islands.com\/wp-content\/uploads\/2021\/07\/Ungur-smidur-og-eldri_Randi-Holm-864x1536.jpg 864w, https:\/\/www.northatlantic-islands.com\/wp-content\/uploads\/2021\/07\/Ungur-smidur-og-eldri_Randi-Holm-1152x2048.jpg 1152w, https:\/\/www.northatlantic-islands.com\/wp-content\/uploads\/2021\/07\/Ungur-smidur-og-eldri_Randi-Holm-scaled.jpg 1440w\" sizes=\"auto, (max-width: 1013px) 100vw, 1013px\" \/><\/a><figcaption class=\"blocks-gallery-item__caption\">Photo: Randi Holm &#8211; Viking Events<\/figcaption><\/figure><\/li><li class=\"blocks-gallery-item\"><figure><a href=\"https:\/\/www.northatlantic-islands.com\/wp-content\/uploads\/2021\/07\/Tonleikarar_Hanna-Vang.jpg\"><img loading=\"lazy\" decoding=\"async\" width=\"1800\" height=\"1350\" src=\"https:\/\/www.northatlantic-islands.com\/wp-content\/uploads\/2021\/07\/Tonleikarar_Hanna-Vang-1800x1350.jpg\" alt=\"\" data-id=\"1354\" data-full-url=\"https:\/\/www.northatlantic-islands.com\/wp-content\/uploads\/2021\/07\/Tonleikarar_Hanna-Vang.jpg\" data-link=\"https:\/\/www.northatlantic-islands.com\/da\/tonleikarar_hanna-vang\/\" class=\"wp-image-1354\" srcset=\"https:\/\/www.northatlantic-islands.com\/wp-content\/uploads\/2021\/07\/Tonleikarar_Hanna-Vang-1800x1350.jpg 1800w, https:\/\/www.northatlantic-islands.com\/wp-content\/uploads\/2021\/07\/Tonleikarar_Hanna-Vang-800x600.jpg 800w, https:\/\/www.northatlantic-islands.com\/wp-content\/uploads\/2021\/07\/Tonleikarar_Hanna-Vang-768x576.jpg 768w, https:\/\/www.northatlantic-islands.com\/wp-content\/uploads\/2021\/07\/Tonleikarar_Hanna-Vang-1536x1152.jpg 1536w, https:\/\/www.northatlantic-islands.com\/wp-content\/uploads\/2021\/07\/Tonleikarar_Hanna-Vang.jpg 2048w\" sizes=\"auto, (max-width: 1800px) 100vw, 1800px\" \/><\/a><figcaption class=\"blocks-gallery-item__caption\">Photo: Hanna Vang &#8211; Viking Events<\/figcaption><\/figure><\/li><li class=\"blocks-gallery-item\"><figure><a href=\"https:\/\/www.northatlantic-islands.com\/wp-content\/uploads\/2021\/07\/Smidur_Hanna-Vang.jpg\"><img loading=\"lazy\" decoding=\"async\" width=\"1350\" height=\"1800\" src=\"https:\/\/www.northatlantic-islands.com\/wp-content\/uploads\/2021\/07\/Smidur_Hanna-Vang-1350x1800.jpg\" alt=\"\" data-id=\"1350\" data-full-url=\"https:\/\/www.northatlantic-islands.com\/wp-content\/uploads\/2021\/07\/Smidur_Hanna-Vang.jpg\" data-link=\"https:\/\/www.northatlantic-islands.com\/da\/smidur_hanna-vang\/\" class=\"wp-image-1350\" srcset=\"https:\/\/www.northatlantic-islands.com\/wp-content\/uploads\/2021\/07\/Smidur_Hanna-Vang-1350x1800.jpg 1350w, https:\/\/www.northatlantic-islands.com\/wp-content\/uploads\/2021\/07\/Smidur_Hanna-Vang-600x800.jpg 600w, https:\/\/www.northatlantic-islands.com\/wp-content\/uploads\/2021\/07\/Smidur_Hanna-Vang-768x1024.jpg 768w, https:\/\/www.northatlantic-islands.com\/wp-content\/uploads\/2021\/07\/Smidur_Hanna-Vang-1152x1536.jpg 1152w, https:\/\/www.northatlantic-islands.com\/wp-content\/uploads\/2021\/07\/Smidur_Hanna-Vang.jpg 1536w\" sizes=\"auto, (max-width: 1350px) 100vw, 1350px\" \/><\/a><figcaption class=\"blocks-gallery-item__caption\">Photo: Hanna Vang &#8211; Viking Events<\/figcaption><\/figure><\/li><li class=\"blocks-gallery-item\"><figure><a href=\"https:\/\/www.northatlantic-islands.com\/wp-content\/uploads\/2021\/07\/Madur-vid-oeks_Randi-Holm-scaled.jpg\"><img loading=\"lazy\" decoding=\"async\" width=\"1013\" height=\"1800\" src=\"https:\/\/www.northatlantic-islands.com\/wp-content\/uploads\/2021\/07\/Madur-vid-oeks_Randi-Holm-1013x1800.jpg\" alt=\"\" data-id=\"1346\" data-full-url=\"https:\/\/www.northatlantic-islands.com\/wp-content\/uploads\/2021\/07\/Madur-vid-oeks_Randi-Holm-scaled.jpg\" data-link=\"https:\/\/www.northatlantic-islands.com\/da\/madur-vid-oeks_randi-holm\/\" class=\"wp-image-1346\" srcset=\"https:\/\/www.northatlantic-islands.com\/wp-content\/uploads\/2021\/07\/Madur-vid-oeks_Randi-Holm-1013x1800.jpg 1013w, https:\/\/www.northatlantic-islands.com\/wp-content\/uploads\/2021\/07\/Madur-vid-oeks_Randi-Holm-450x800.jpg 450w, https:\/\/www.northatlantic-islands.com\/wp-content\/uploads\/2021\/07\/Madur-vid-oeks_Randi-Holm-768x1365.jpg 768w, https:\/\/www.northatlantic-islands.com\/wp-content\/uploads\/2021\/07\/Madur-vid-oeks_Randi-Holm-864x1536.jpg 864w, https:\/\/www.northatlantic-islands.com\/wp-content\/uploads\/2021\/07\/Madur-vid-oeks_Randi-Holm-1152x2048.jpg 1152w, https:\/\/www.northatlantic-islands.com\/wp-content\/uploads\/2021\/07\/Madur-vid-oeks_Randi-Holm-scaled.jpg 1440w\" sizes=\"auto, (max-width: 1013px) 100vw, 1013px\" \/><\/a><figcaption class=\"blocks-gallery-item__caption\">Photo: Randi Holm &#8211; Viking Events<\/figcaption><\/figure><\/li><li class=\"blocks-gallery-item\"><figure><a href=\"https:\/\/www.northatlantic-islands.com\/wp-content\/uploads\/2021\/07\/Madur-matgerd_Hanna-Vang.jpg\"><img loading=\"lazy\" decoding=\"async\" width=\"1350\" height=\"1800\" src=\"https:\/\/www.northatlantic-islands.com\/wp-content\/uploads\/2021\/07\/Madur-matgerd_Hanna-Vang-1350x1800.jpg\" alt=\"\" data-id=\"1344\" data-full-url=\"https:\/\/www.northatlantic-islands.com\/wp-content\/uploads\/2021\/07\/Madur-matgerd_Hanna-Vang.jpg\" data-link=\"https:\/\/www.northatlantic-islands.com\/da\/madur-matgerd_hanna-vang\/\" class=\"wp-image-1344\" srcset=\"https:\/\/www.northatlantic-islands.com\/wp-content\/uploads\/2021\/07\/Madur-matgerd_Hanna-Vang-1350x1800.jpg 1350w, https:\/\/www.northatlantic-islands.com\/wp-content\/uploads\/2021\/07\/Madur-matgerd_Hanna-Vang-600x800.jpg 600w, https:\/\/www.northatlantic-islands.com\/wp-content\/uploads\/2021\/07\/Madur-matgerd_Hanna-Vang-768x1024.jpg 768w, https:\/\/www.northatlantic-islands.com\/wp-content\/uploads\/2021\/07\/Madur-matgerd_Hanna-Vang-1152x1536.jpg 1152w, https:\/\/www.northatlantic-islands.com\/wp-content\/uploads\/2021\/07\/Madur-matgerd_Hanna-Vang.jpg 1536w\" sizes=\"auto, (max-width: 1350px) 100vw, 1350px\" \/><\/a><figcaption class=\"blocks-gallery-item__caption\">Photo: Hanna Vang &#8211; Viking Events<\/figcaption><\/figure><\/li><li class=\"blocks-gallery-item\"><figure><a href=\"https:\/\/www.northatlantic-islands.com\/wp-content\/uploads\/2021\/07\/Kona-seymar_Hanna-Vang.jpg\"><img loading=\"lazy\" decoding=\"async\" width=\"1350\" height=\"1800\" src=\"https:\/\/www.northatlantic-islands.com\/wp-content\/uploads\/2021\/07\/Kona-seymar_Hanna-Vang-1350x1800.jpg\" alt=\"\" data-id=\"1342\" data-full-url=\"https:\/\/www.northatlantic-islands.com\/wp-content\/uploads\/2021\/07\/Kona-seymar_Hanna-Vang.jpg\" data-link=\"https:\/\/www.northatlantic-islands.com\/da\/kona-seymar_hanna-vang\/\" class=\"wp-image-1342\" srcset=\"https:\/\/www.northatlantic-islands.com\/wp-content\/uploads\/2021\/07\/Kona-seymar_Hanna-Vang-1350x1800.jpg 1350w, https:\/\/www.northatlantic-islands.com\/wp-content\/uploads\/2021\/07\/Kona-seymar_Hanna-Vang-600x800.jpg 600w, https:\/\/www.northatlantic-islands.com\/wp-content\/uploads\/2021\/07\/Kona-seymar_Hanna-Vang-768x1024.jpg 768w, https:\/\/www.northatlantic-islands.com\/wp-content\/uploads\/2021\/07\/Kona-seymar_Hanna-Vang-1152x1536.jpg 1152w, https:\/\/www.northatlantic-islands.com\/wp-content\/uploads\/2021\/07\/Kona-seymar_Hanna-Vang.jpg 1536w\" sizes=\"auto, (max-width: 1350px) 100vw, 1350px\" \/><\/a><figcaption class=\"blocks-gallery-item__caption\">Photo: Hanna Vang &#8211; Viking Events<\/figcaption><\/figure><\/li><li class=\"blocks-gallery-item\"><figure><a href=\"https:\/\/www.northatlantic-islands.com\/wp-content\/uploads\/2021\/07\/Klarir-at-berjast_Randi-Holm-scaled.jpg\"><img loading=\"lazy\" decoding=\"async\" width=\"1800\" height=\"1013\" src=\"https:\/\/www.northatlantic-islands.com\/wp-content\/uploads\/2021\/07\/Klarir-at-berjast_Randi-Holm-1800x1013.jpg\" alt=\"\" data-id=\"1340\" data-full-url=\"https:\/\/www.northatlantic-islands.com\/wp-content\/uploads\/2021\/07\/Klarir-at-berjast_Randi-Holm-scaled.jpg\" data-link=\"https:\/\/www.northatlantic-islands.com\/da\/klarir-at-berjast_randi-holm\/\" class=\"wp-image-1340\" srcset=\"https:\/\/www.northatlantic-islands.com\/wp-content\/uploads\/2021\/07\/Klarir-at-berjast_Randi-Holm-1800x1013.jpg 1800w, https:\/\/www.northatlantic-islands.com\/wp-content\/uploads\/2021\/07\/Klarir-at-berjast_Randi-Holm-800x450.jpg 800w, https:\/\/www.northatlantic-islands.com\/wp-content\/uploads\/2021\/07\/Klarir-at-berjast_Randi-Holm-768x432.jpg 768w, https:\/\/www.northatlantic-islands.com\/wp-content\/uploads\/2021\/07\/Klarir-at-berjast_Randi-Holm-1536x864.jpg 1536w, https:\/\/www.northatlantic-islands.com\/wp-content\/uploads\/2021\/07\/Klarir-at-berjast_Randi-Holm-2048x1152.jpg 2048w\" sizes=\"auto, (max-width: 1800px) 100vw, 1800px\" \/><\/a><figcaption class=\"blocks-gallery-item__caption\">Photo: Randi Holm &#8211; Viking Events<\/figcaption><\/figure><\/li><li class=\"blocks-gallery-item\"><figure><a href=\"https:\/\/www.northatlantic-islands.com\/wp-content\/uploads\/2021\/07\/Gentir-vinda-garn_Hanna-Vang.jpg\"><img loading=\"lazy\" decoding=\"async\" width=\"1350\" height=\"1800\" src=\"https:\/\/www.northatlantic-islands.com\/wp-content\/uploads\/2021\/07\/Gentir-vinda-garn_Hanna-Vang-1350x1800.jpg\" alt=\"\" data-id=\"1338\" data-full-url=\"https:\/\/www.northatlantic-islands.com\/wp-content\/uploads\/2021\/07\/Gentir-vinda-garn_Hanna-Vang.jpg\" data-link=\"https:\/\/www.northatlantic-islands.com\/da\/gentir-vinda-garn_hanna-vang\/\" class=\"wp-image-1338\" srcset=\"https:\/\/www.northatlantic-islands.com\/wp-content\/uploads\/2021\/07\/Gentir-vinda-garn_Hanna-Vang-1350x1800.jpg 1350w, https:\/\/www.northatlantic-islands.com\/wp-content\/uploads\/2021\/07\/Gentir-vinda-garn_Hanna-Vang-600x800.jpg 600w, https:\/\/www.northatlantic-islands.com\/wp-content\/uploads\/2021\/07\/Gentir-vinda-garn_Hanna-Vang-768x1024.jpg 768w, https:\/\/www.northatlantic-islands.com\/wp-content\/uploads\/2021\/07\/Gentir-vinda-garn_Hanna-Vang-1152x1536.jpg 1152w, https:\/\/www.northatlantic-islands.com\/wp-content\/uploads\/2021\/07\/Gentir-vinda-garn_Hanna-Vang.jpg 1536w\" sizes=\"auto, (max-width: 1350px) 100vw, 1350px\" \/><\/a><figcaption class=\"blocks-gallery-item__caption\">Photo: Hanna Vang &#8211; Viking Events<\/figcaption><\/figure><\/li><\/ul><\/figure>\n","protected":false},"excerpt":{"rendered":"<p>Det allerf\u00f8rste Fest\u00edvalh\u00f6ll blev afholdt over 3 dage, 9.-11. Juli 2021, i T\u00f3rshavn p\u00e5 F\u00e6r\u00f8erne. Arrangeret af F\u00e6r\u00f8ske Viking Events, Arvakr og Berserk i samarbejde med Rimmug\u00fdgur fra Island. Viking Events fik bevilliget st\u00f8tte fra NATA i 2020, men grundet Covid-19 s\u00e5 kunne festivalen ikke holdes f\u00f8r i 2021. Form\u00e5let med Fest\u00edvalh\u00f6ll er, med levende [&hellip;]<\/p>\n","protected":false},"author":2,"featured_media":1368,"comment_status":"closed","ping_status":"closed","sticky":false,"template":"","format":"standard","meta":{"_acf_changed":false,"footnotes":""},"categories":[25],"tags":[],"class_list":["post-1050","post","type-post","status-publish","format-standard","has-post-thumbnail","hentry","category-bevillinger"],"acf":[],"yoast_head":"<!-- This site is optimized with the Yoast SEO plugin v27.5 - https:\/\/yoast.com\/product\/yoast-seo-wordpress\/ -->\n<title>Festivalh\u00f6ll - Vikingefestival og levende historie - NATA<\/title>\n<meta name=\"description\" content=\"Viking Events har f\u00e5et bevilliget st\u00f8tte fra NATA - North Atlantic Tourism Assosiation - til at gennemf\u00f8re vikingefestivalen Festivalh\u00f6ll.\" \/>\n<meta name=\"robots\" content=\"index, follow, max-snippet:-1, max-image-preview:large, max-video-preview:-1\" \/>\n<link rel=\"canonical\" href=\"https:\/\/www.northatlantic-islands.com\/da\/festivalhoell-vikingefestival-og-levende-historie\/\" \/>\n<meta property=\"og:locale\" content=\"da_DK\" \/>\n<meta property=\"og:type\" content=\"article\" \/>\n<meta property=\"og:title\" content=\"St\u00f8tte fra NATA til vikingefestival\" \/>\n<meta property=\"og:description\" content=\"Viking Events har f\u00e5et bevilliget st\u00f8tte fra NATA - North Atlantic Tourism Assosiation - til at gennemf\u00f8re vikingefestivalen Festivalh\u00f6ll.\" \/>\n<meta property=\"og:url\" content=\"https:\/\/www.northatlantic-islands.com\/da\/festivalhoell-vikingefestival-og-levende-historie\/\" \/>\n<meta property=\"og:site_name\" content=\"NATA\" \/>\n<meta property=\"article:published_time\" content=\"2021-07-19T09:44:51+00:00\" \/>\n<meta property=\"article:modified_time\" content=\"2021-07-21T10:52:11+00:00\" \/>\n<meta property=\"og:image\" content=\"https:\/\/www.northatlantic-islands.com\/wp-content\/uploads\/2021\/07\/Vikinger-Nordradalsskard-1280x852.png\" \/>\n\t<meta property=\"og:image:width\" content=\"1280\" \/>\n\t<meta property=\"og:image:height\" content=\"852\" \/>\n\t<meta property=\"og:image:type\" content=\"image\/png\" \/>\n<meta name=\"author\" content=\"Erla Weihe Johannesen\" \/>\n<meta name=\"twitter:card\" content=\"summary_large_image\" \/>\n<meta name=\"twitter:title\" content=\"St\u00f8tte fra NATA til vikingefestival\" \/>\n<meta name=\"twitter:description\" content=\"Viking Events har f\u00e5et bevilliget st\u00f8tte fra NATA - North Atlantic Tourism Assosiation - til at gennemf\u00f8re vikingefestivalen Festivalh\u00f6ll.\" \/>\n<meta name=\"twitter:image\" content=\"https:\/\/www.northatlantic-islands.com\/wp-content\/uploads\/2021\/07\/Vikinger-Nordradalsskard.png\" \/>\n<meta name=\"twitter:label1\" content=\"Skrevet af\" \/>\n\t<meta name=\"twitter:data1\" content=\"Erla Weihe Johannesen\" \/>\n\t<meta name=\"twitter:label2\" content=\"Estimeret l\u00e6setid\" \/>\n\t<meta name=\"twitter:data2\" content=\"4 minutter\" \/>\n<script type=\"application\/ld+json\" class=\"yoast-schema-graph\">{\"@context\":\"https:\\\/\\\/schema.org\",\"@graph\":[{\"@type\":\"Article\",\"@id\":\"https:\\\/\\\/www.northatlantic-islands.com\\\/da\\\/festivalhoell-vikingefestival-og-levende-historie\\\/#article\",\"isPartOf\":{\"@id\":\"https:\\\/\\\/www.northatlantic-islands.com\\\/da\\\/festivalhoell-vikingefestival-og-levende-historie\\\/\"},\"author\":{\"name\":\"Erla Weihe Johannesen\",\"@id\":\"https:\\\/\\\/www.northatlantic-islands.com\\\/da\\\/#\\\/schema\\\/person\\\/0c76dbe8957466637b7bf3e8b95cd8ab\"},\"headline\":\"Festivalh\u00f6ll &#8211; Vikingefestival og levende historie\",\"datePublished\":\"2021-07-19T09:44:51+00:00\",\"dateModified\":\"2021-07-21T10:52:11+00:00\",\"mainEntityOfPage\":{\"@id\":\"https:\\\/\\\/www.northatlantic-islands.com\\\/da\\\/festivalhoell-vikingefestival-og-levende-historie\\\/\"},\"wordCount\":359,\"image\":{\"@id\":\"https:\\\/\\\/www.northatlantic-islands.com\\\/da\\\/festivalhoell-vikingefestival-og-levende-historie\\\/#primaryimage\"},\"thumbnailUrl\":\"https:\\\/\\\/www.northatlantic-islands.com\\\/wp-content\\\/uploads\\\/2021\\\/07\\\/Bolkamynd_Gunilla-Thorgeirsdottir.jpg\",\"articleSection\":[\"Bevillinger\"],\"inLanguage\":\"da-DK\"},{\"@type\":\"WebPage\",\"@id\":\"https:\\\/\\\/www.northatlantic-islands.com\\\/da\\\/festivalhoell-vikingefestival-og-levende-historie\\\/\",\"url\":\"https:\\\/\\\/www.northatlantic-islands.com\\\/da\\\/festivalhoell-vikingefestival-og-levende-historie\\\/\",\"name\":\"Festivalh\u00f6ll - Vikingefestival og levende historie - NATA\",\"isPartOf\":{\"@id\":\"https:\\\/\\\/www.northatlantic-islands.com\\\/da\\\/#website\"},\"primaryImageOfPage\":{\"@id\":\"https:\\\/\\\/www.northatlantic-islands.com\\\/da\\\/festivalhoell-vikingefestival-og-levende-historie\\\/#primaryimage\"},\"image\":{\"@id\":\"https:\\\/\\\/www.northatlantic-islands.com\\\/da\\\/festivalhoell-vikingefestival-og-levende-historie\\\/#primaryimage\"},\"thumbnailUrl\":\"https:\\\/\\\/www.northatlantic-islands.com\\\/wp-content\\\/uploads\\\/2021\\\/07\\\/Bolkamynd_Gunilla-Thorgeirsdottir.jpg\",\"datePublished\":\"2021-07-19T09:44:51+00:00\",\"dateModified\":\"2021-07-21T10:52:11+00:00\",\"author\":{\"@id\":\"https:\\\/\\\/www.northatlantic-islands.com\\\/da\\\/#\\\/schema\\\/person\\\/0c76dbe8957466637b7bf3e8b95cd8ab\"},\"description\":\"Viking Events har f\u00e5et bevilliget st\u00f8tte fra NATA - North Atlantic Tourism Assosiation - til at gennemf\u00f8re vikingefestivalen Festivalh\u00f6ll.\",\"breadcrumb\":{\"@id\":\"https:\\\/\\\/www.northatlantic-islands.com\\\/da\\\/festivalhoell-vikingefestival-og-levende-historie\\\/#breadcrumb\"},\"inLanguage\":\"da-DK\",\"potentialAction\":[{\"@type\":\"ReadAction\",\"target\":[\"https:\\\/\\\/www.northatlantic-islands.com\\\/da\\\/festivalhoell-vikingefestival-og-levende-historie\\\/\"]}]},{\"@type\":\"ImageObject\",\"inLanguage\":\"da-DK\",\"@id\":\"https:\\\/\\\/www.northatlantic-islands.com\\\/da\\\/festivalhoell-vikingefestival-og-levende-historie\\\/#primaryimage\",\"url\":\"https:\\\/\\\/www.northatlantic-islands.com\\\/wp-content\\\/uploads\\\/2021\\\/07\\\/Bolkamynd_Gunilla-Thorgeirsdottir.jpg\",\"contentUrl\":\"https:\\\/\\\/www.northatlantic-islands.com\\\/wp-content\\\/uploads\\\/2021\\\/07\\\/Bolkamynd_Gunilla-Thorgeirsdottir.jpg\",\"width\":1440,\"height\":1080,\"caption\":\"Photo: Gunilla Thorgeirsd\u00f3ttir - Viking \u00c9vents\"},{\"@type\":\"BreadcrumbList\",\"@id\":\"https:\\\/\\\/www.northatlantic-islands.com\\\/da\\\/festivalhoell-vikingefestival-og-levende-historie\\\/#breadcrumb\",\"itemListElement\":[{\"@type\":\"ListItem\",\"position\":1,\"name\":\"Home\",\"item\":\"https:\\\/\\\/www.northatlantic-islands.com\\\/da\\\/\"},{\"@type\":\"ListItem\",\"position\":2,\"name\":\"Festivalh\u00f6ll &#8211; Vikingefestival og levende historie\"}]},{\"@type\":\"WebSite\",\"@id\":\"https:\\\/\\\/www.northatlantic-islands.com\\\/da\\\/#website\",\"url\":\"https:\\\/\\\/www.northatlantic-islands.com\\\/da\\\/\",\"name\":\"NATA\",\"description\":\"North Atlantic Tourism Association\",\"potentialAction\":[{\"@type\":\"SearchAction\",\"target\":{\"@type\":\"EntryPoint\",\"urlTemplate\":\"https:\\\/\\\/www.northatlantic-islands.com\\\/da\\\/?s={search_term_string}\"},\"query-input\":{\"@type\":\"PropertyValueSpecification\",\"valueRequired\":true,\"valueName\":\"search_term_string\"}}],\"inLanguage\":\"da-DK\"},{\"@type\":\"Person\",\"@id\":\"https:\\\/\\\/www.northatlantic-islands.com\\\/da\\\/#\\\/schema\\\/person\\\/0c76dbe8957466637b7bf3e8b95cd8ab\",\"name\":\"Erla Weihe Johannesen\",\"url\":\"https:\\\/\\\/www.northatlantic-islands.com\\\/da\\\/author\\\/ewjvinnuframi-fo\\\/\"}]}<\/script>\n<!-- \/ Yoast SEO plugin. -->","yoast_head_json":{"title":"Festivalh\u00f6ll - Vikingefestival og levende historie - NATA","description":"Viking Events har f\u00e5et bevilliget st\u00f8tte fra NATA - North Atlantic Tourism Assosiation - til at gennemf\u00f8re vikingefestivalen Festivalh\u00f6ll.","robots":{"index":"index","follow":"follow","max-snippet":"max-snippet:-1","max-image-preview":"max-image-preview:large","max-video-preview":"max-video-preview:-1"},"canonical":"https:\/\/www.northatlantic-islands.com\/da\/festivalhoell-vikingefestival-og-levende-historie\/","og_locale":"da_DK","og_type":"article","og_title":"St\u00f8tte fra NATA til vikingefestival","og_description":"Viking Events har f\u00e5et bevilliget st\u00f8tte fra NATA - North Atlantic Tourism Assosiation - til at gennemf\u00f8re vikingefestivalen Festivalh\u00f6ll.","og_url":"https:\/\/www.northatlantic-islands.com\/da\/festivalhoell-vikingefestival-og-levende-historie\/","og_site_name":"NATA","article_published_time":"2021-07-19T09:44:51+00:00","article_modified_time":"2021-07-21T10:52:11+00:00","og_image":[{"width":1280,"height":852,"url":"https:\/\/www.northatlantic-islands.com\/wp-content\/uploads\/2021\/07\/Vikinger-Nordradalsskard-1280x852.png","type":"image\/png"}],"author":"Erla Weihe Johannesen","twitter_card":"summary_large_image","twitter_title":"St\u00f8tte fra NATA til vikingefestival","twitter_description":"Viking Events har f\u00e5et bevilliget st\u00f8tte fra NATA - North Atlantic Tourism Assosiation - til at gennemf\u00f8re vikingefestivalen Festivalh\u00f6ll.","twitter_image":"https:\/\/www.northatlantic-islands.com\/wp-content\/uploads\/2021\/07\/Vikinger-Nordradalsskard.png","twitter_misc":{"Skrevet af":"Erla Weihe Johannesen","Estimeret l\u00e6setid":"4 minutter"},"schema":{"@context":"https:\/\/schema.org","@graph":[{"@type":"Article","@id":"https:\/\/www.northatlantic-islands.com\/da\/festivalhoell-vikingefestival-og-levende-historie\/#article","isPartOf":{"@id":"https:\/\/www.northatlantic-islands.com\/da\/festivalhoell-vikingefestival-og-levende-historie\/"},"author":{"name":"Erla Weihe Johannesen","@id":"https:\/\/www.northatlantic-islands.com\/da\/#\/schema\/person\/0c76dbe8957466637b7bf3e8b95cd8ab"},"headline":"Festivalh\u00f6ll &#8211; Vikingefestival og levende historie","datePublished":"2021-07-19T09:44:51+00:00","dateModified":"2021-07-21T10:52:11+00:00","mainEntityOfPage":{"@id":"https:\/\/www.northatlantic-islands.com\/da\/festivalhoell-vikingefestival-og-levende-historie\/"},"wordCount":359,"image":{"@id":"https:\/\/www.northatlantic-islands.com\/da\/festivalhoell-vikingefestival-og-levende-historie\/#primaryimage"},"thumbnailUrl":"https:\/\/www.northatlantic-islands.com\/wp-content\/uploads\/2021\/07\/Bolkamynd_Gunilla-Thorgeirsdottir.jpg","articleSection":["Bevillinger"],"inLanguage":"da-DK"},{"@type":"WebPage","@id":"https:\/\/www.northatlantic-islands.com\/da\/festivalhoell-vikingefestival-og-levende-historie\/","url":"https:\/\/www.northatlantic-islands.com\/da\/festivalhoell-vikingefestival-og-levende-historie\/","name":"Festivalh\u00f6ll - Vikingefestival og levende historie - NATA","isPartOf":{"@id":"https:\/\/www.northatlantic-islands.com\/da\/#website"},"primaryImageOfPage":{"@id":"https:\/\/www.northatlantic-islands.com\/da\/festivalhoell-vikingefestival-og-levende-historie\/#primaryimage"},"image":{"@id":"https:\/\/www.northatlantic-islands.com\/da\/festivalhoell-vikingefestival-og-levende-historie\/#primaryimage"},"thumbnailUrl":"https:\/\/www.northatlantic-islands.com\/wp-content\/uploads\/2021\/07\/Bolkamynd_Gunilla-Thorgeirsdottir.jpg","datePublished":"2021-07-19T09:44:51+00:00","dateModified":"2021-07-21T10:52:11+00:00","author":{"@id":"https:\/\/www.northatlantic-islands.com\/da\/#\/schema\/person\/0c76dbe8957466637b7bf3e8b95cd8ab"},"description":"Viking Events har f\u00e5et bevilliget st\u00f8tte fra NATA - North Atlantic Tourism Assosiation - til at gennemf\u00f8re vikingefestivalen Festivalh\u00f6ll.","breadcrumb":{"@id":"https:\/\/www.northatlantic-islands.com\/da\/festivalhoell-vikingefestival-og-levende-historie\/#breadcrumb"},"inLanguage":"da-DK","potentialAction":[{"@type":"ReadAction","target":["https:\/\/www.northatlantic-islands.com\/da\/festivalhoell-vikingefestival-og-levende-historie\/"]}]},{"@type":"ImageObject","inLanguage":"da-DK","@id":"https:\/\/www.northatlantic-islands.com\/da\/festivalhoell-vikingefestival-og-levende-historie\/#primaryimage","url":"https:\/\/www.northatlantic-islands.com\/wp-content\/uploads\/2021\/07\/Bolkamynd_Gunilla-Thorgeirsdottir.jpg","contentUrl":"https:\/\/www.northatlantic-islands.com\/wp-content\/uploads\/2021\/07\/Bolkamynd_Gunilla-Thorgeirsdottir.jpg","width":1440,"height":1080,"caption":"Photo: Gunilla Thorgeirsd\u00f3ttir - Viking \u00c9vents"},{"@type":"BreadcrumbList","@id":"https:\/\/www.northatlantic-islands.com\/da\/festivalhoell-vikingefestival-og-levende-historie\/#breadcrumb","itemListElement":[{"@type":"ListItem","position":1,"name":"Home","item":"https:\/\/www.northatlantic-islands.com\/da\/"},{"@type":"ListItem","position":2,"name":"Festivalh\u00f6ll &#8211; Vikingefestival og levende historie"}]},{"@type":"WebSite","@id":"https:\/\/www.northatlantic-islands.com\/da\/#website","url":"https:\/\/www.northatlantic-islands.com\/da\/","name":"NATA","description":"North Atlantic Tourism Association","potentialAction":[{"@type":"SearchAction","target":{"@type":"EntryPoint","urlTemplate":"https:\/\/www.northatlantic-islands.com\/da\/?s={search_term_string}"},"query-input":{"@type":"PropertyValueSpecification","valueRequired":true,"valueName":"search_term_string"}}],"inLanguage":"da-DK"},{"@type":"Person","@id":"https:\/\/www.northatlantic-islands.com\/da\/#\/schema\/person\/0c76dbe8957466637b7bf3e8b95cd8ab","name":"Erla Weihe Johannesen","url":"https:\/\/www.northatlantic-islands.com\/da\/author\/ewjvinnuframi-fo\/"}]}},"_links":{"self":[{"href":"https:\/\/www.northatlantic-islands.com\/da\/wp-json\/wp\/v2\/posts\/1050","targetHints":{"allow":["GET"]}}],"collection":[{"href":"https:\/\/www.northatlantic-islands.com\/da\/wp-json\/wp\/v2\/posts"}],"about":[{"href":"https:\/\/www.northatlantic-islands.com\/da\/wp-json\/wp\/v2\/types\/post"}],"author":[{"embeddable":true,"href":"https:\/\/www.northatlantic-islands.com\/da\/wp-json\/wp\/v2\/users\/2"}],"replies":[{"embeddable":true,"href":"https:\/\/www.northatlantic-islands.com\/da\/wp-json\/wp\/v2\/comments?post=1050"}],"version-history":[{"count":6,"href":"https:\/\/www.northatlantic-islands.com\/da\/wp-json\/wp\/v2\/posts\/1050\/revisions"}],"predecessor-version":[{"id":1460,"href":"https:\/\/www.northatlantic-islands.com\/da\/wp-json\/wp\/v2\/posts\/1050\/revisions\/1460"}],"wp:featuredmedia":[{"embeddable":true,"href":"https:\/\/www.northatlantic-islands.com\/da\/wp-json\/wp\/v2\/media\/1368"}],"wp:attachment":[{"href":"https:\/\/www.northatlantic-islands.com\/da\/wp-json\/wp\/v2\/media?parent=1050"}],"wp:term":[{"taxonomy":"category","embeddable":true,"href":"https:\/\/www.northatlantic-islands.com\/da\/wp-json\/wp\/v2\/categories?post=1050"},{"taxonomy":"post_tag","embeddable":true,"href":"https:\/\/www.northatlantic-islands.com\/da\/wp-json\/wp\/v2\/tags?post=1050"}],"curies":[{"name":"wp","href":"https:\/\/api.w.org\/{rel}","templated":true}]}}